{"id":14468,"date":"2019-08-23T08:00:35","date_gmt":"2019-08-23T06:00:35","guid":{"rendered":"http:\/\/dovevado.net\/provenza-4-itinerari-da-non-perdere\/"},"modified":"2023-09-03T18:46:02","modified_gmt":"2023-09-03T16:46:02","slug":"provence-4-itineraries-not-to-be-missed","status":"publish","type":"post","link":"https:\/\/dovevado.net\/en\/provence-4-itineraries-not-to-be-missed\/","title":{"rendered":"Provence what to see, 4 itineraries not to be missed"},"content":{"rendered":"\n<p class=\"has-drop-cap\"><strong>Provence what to see<\/strong> was the question I asked myself when I made my first <strong>trip to Provence<\/strong> in 2003. Since then, this destination rich in history, art and romance has been the focus of my summer holidays for several years. One of the French regions most similar to my Tuscany and with a similar charm.<\/p>\n\n<figure class=\"wp-block-image\"><img data-recalc-dims=\"1\" fetchpriority=\"high\" decoding=\"async\" width=\"800\" height=\"534\" src=\"https:\/\/i0.wp.com\/dovevado.net\/wp-content\/uploads\/2019\/01\/Provenza.jpg?resize=800%2C534\" alt=\"Provence what to see\" class=\"wp-image-7778\" title=\"\" srcset=\"https:\/\/i0.wp.com\/dovevado.net\/wp-content\/uploads\/2019\/01\/Provenza.jpg?resize=1024%2C683&amp;ssl=1 1024w, https:\/\/i0.wp.com\/dovevado.net\/wp-content\/uploads\/2019\/01\/Provenza.jpg?resize=300%2C200&amp;ssl=1 300w, https:\/\/i0.wp.com\/dovevado.net\/wp-content\/uploads\/2019\/01\/Provenza.jpg?resize=768%2C512&amp;ssl=1 768w, https:\/\/i0.wp.com\/dovevado.net\/wp-content\/uploads\/2019\/01\/Provenza.jpg?w=1600&amp;ssl=1 1600w\" sizes=\"(max-width: 800px) 100vw, 800px\" \/><figcaption class=\"wp-element-caption\">Provence what to see in the South of France<\/figcaption><\/figure>\n\n<h2 class=\"wp-block-heading\">What to see in Provence<\/h2>\n\n<p><strong>Provence<\/strong> is a place that has fascinated us so much that we have been there many times and this account of mine is based on a series of 6 trips made over 10 years that have allowed me to see much, but still not everything about the region.<br\/>The last trip was this summer where Ornella and I took those few of our family who had not yet been there to see the lavender.<\/p>\n\n<h3 class=\"wp-block-heading\">What to see in Provence on a road tour<\/h3>\n\n<p>The first time I decided to visit Provence and the South of France was back in 2002. To impress Ornella, who was to become my wife years later, I was looking for a place where we could make our first elopement in secret. A little &#8216;trip out of town&#8217; that would give us excitement and why not, amaze her just enough.<br\/>I searched a lot on the net for a similar place I could visit in a weekend, but nothing that convinced me much in Italy with the time constraints I had, until I found a photo of the <a href=\"http:\/\/dovevado.net\/en\/valensole-and-the-flowering-of-lavender-in-provence\/\">Lavender bloom<\/a> in Valensole and decided that was the place.<br\/>I looked it up and immediately associated it with our favourite painter: Van Gogh. Those were the places where he had expressed his best painting in my opinion and where he died in the village of Saint Remy de Provence.<\/p>\n\n<h2 class=\"wp-block-heading\">Where is Provence<\/h2>\n\n<p>Provence, more precisely Provence-Alpes-<span id=\"urn:local-text-annotation-a81x308em781aosyz7qftkw20lsaruvf\" class=\"textannotation disambiguated wl-thing\">C\u00f4te d&#8217;Azur<\/span> or PACA, is the region in the south of France on the border with Italy. Having crossed the border at Ventimiglia, we are officially in that region.<br\/>It runs from the Alps to the Rhone that divides it from Occitania. In the north, it borders the Auvergne-Rh\u00f4ne-Alpes region.<\/p>\n\n<figure class=\"wp-block-image aligncenter\"><a href=\"https:\/\/i0.wp.com\/dovevado.net\/wp-content\/uploads\/2018\/10\/Provenza-Mappa.jpg\"><img data-recalc-dims=\"1\" decoding=\"async\" width=\"800\" height=\"500\" src=\"https:\/\/i0.wp.com\/dovevado.net\/wp-content\/uploads\/2018\/10\/Provenza-Mappa.jpg?resize=800%2C500\" alt=\"Provence Map\" class=\"wp-image-6646\" title=\"\" srcset=\"https:\/\/i0.wp.com\/dovevado.net\/wp-content\/uploads\/2018\/10\/Provenza-Mappa.jpg?resize=1200%2C750&amp;ssl=1 1200w, https:\/\/i0.wp.com\/dovevado.net\/wp-content\/uploads\/2018\/10\/Provenza-Mappa.jpg?resize=300%2C188&amp;ssl=1 300w, https:\/\/i0.wp.com\/dovevado.net\/wp-content\/uploads\/2018\/10\/Provenza-Mappa.jpg?resize=768%2C480&amp;ssl=1 768w, https:\/\/i0.wp.com\/dovevado.net\/wp-content\/uploads\/2018\/10\/Provenza-Mappa.jpg?resize=1024%2C640&amp;ssl=1 1024w, https:\/\/i0.wp.com\/dovevado.net\/wp-content\/uploads\/2018\/10\/Provenza-Mappa.jpg?resize=200%2C125&amp;ssl=1 200w, https:\/\/i0.wp.com\/dovevado.net\/wp-content\/uploads\/2018\/10\/Provenza-Mappa.jpg?resize=400%2C250&amp;ssl=1 400w, https:\/\/i0.wp.com\/dovevado.net\/wp-content\/uploads\/2018\/10\/Provenza-Mappa.jpg?resize=600%2C375&amp;ssl=1 600w, https:\/\/i0.wp.com\/dovevado.net\/wp-content\/uploads\/2018\/10\/Provenza-Mappa.jpg?resize=800%2C500&amp;ssl=1 800w, https:\/\/i0.wp.com\/dovevado.net\/wp-content\/uploads\/2018\/10\/Provenza-Mappa.jpg?w=1600&amp;ssl=1 1600w\" sizes=\"(max-width: 800px) 100vw, 800px\" \/><\/a><figcaption class=\"wp-element-caption\">Provence map &#8211; Map Provence<\/figcaption><\/figure>\n\n<p>Provence is located on the border with Italy, specifically with Liguria and Piedmont, so it is easy to reach, especially from the coastal side with the motorway leading from Genoa to France.<br\/>Although people often think of Provence as the Arles region, as soon as we cross the border we are already in the region.<\/p>\n\n<h3 class=\"wp-block-heading\">Cities of Provence<\/h3>\n\n<p>The most important cities in Provence are:<\/p>\n\n<ul class=\"wp-block-list\">\n<li><strong>Nice<\/strong><\/li>\n\n\n\n<li><strong>Cannes<\/strong><\/li>\n\n\n\n<li><strong>Grasse<\/strong><\/li>\n\n\n\n<li><strong>Aix en Provence<\/strong><\/li>\n\n\n\n<li><strong>Marseille<\/strong><\/li>\n\n\n\n<li><strong><a href=\"http:\/\/dovevado.net\/en\/arles-history-and-art-in-provence\/\">Arles<\/a><\/strong><\/li>\n\n\n\n<li><strong>Avignon<\/strong><\/li>\n<\/ul>\n\n<h3 class=\"wp-block-heading\">Provence when to go<\/h3>\n\n<p>The best time to visit Provence is from late spring to the end of August to fully enjoy the colours and blossoms.<br\/>Although the summer can be very hot, with temperatures always above 30 \u00b0C &#8211; we have exceptionally found even 46 \u00b0C &#8211; I recommend visiting the area from 20 June to 31 July because it will allow you to fully experience the Lavender and all the traditional and bucolic festivities that accompany the harvest period, starting with the feast of St John on 24 June.<\/p>\n\n<figure class=\"wp-block-image aligncenter\"><a href=\"https:\/\/i0.wp.com\/dovevado.net\/wp-content\/uploads\/2019\/01\/mappa-provenza-mappa.jpg\"><img data-recalc-dims=\"1\" decoding=\"async\" width=\"800\" height=\"687\" src=\"https:\/\/i0.wp.com\/dovevado.net\/wp-content\/uploads\/2019\/01\/mappa-provenza-mappa.jpg?resize=800%2C687\" alt=\"map provence map\" class=\"wp-image-7776\" title=\"\" srcset=\"https:\/\/i0.wp.com\/dovevado.net\/wp-content\/uploads\/2019\/01\/mappa-provenza-mappa.jpg?w=1200&amp;ssl=1 1200w, https:\/\/i0.wp.com\/dovevado.net\/wp-content\/uploads\/2019\/01\/mappa-provenza-mappa.jpg?resize=300%2C258&amp;ssl=1 300w, https:\/\/i0.wp.com\/dovevado.net\/wp-content\/uploads\/2019\/01\/mappa-provenza-mappa.jpg?resize=768%2C659&amp;ssl=1 768w, https:\/\/i0.wp.com\/dovevado.net\/wp-content\/uploads\/2019\/01\/mappa-provenza-mappa.jpg?resize=1024%2C879&amp;ssl=1 1024w, https:\/\/i0.wp.com\/dovevado.net\/wp-content\/uploads\/2019\/01\/mappa-provenza-mappa.jpg?resize=200%2C172&amp;ssl=1 200w, https:\/\/i0.wp.com\/dovevado.net\/wp-content\/uploads\/2019\/01\/mappa-provenza-mappa.jpg?resize=400%2C343&amp;ssl=1 400w, https:\/\/i0.wp.com\/dovevado.net\/wp-content\/uploads\/2019\/01\/mappa-provenza-mappa.jpg?resize=600%2C515&amp;ssl=1 600w, https:\/\/i0.wp.com\/dovevado.net\/wp-content\/uploads\/2019\/01\/mappa-provenza-mappa.jpg?resize=800%2C687&amp;ssl=1 800w\" sizes=\"(max-width: 800px) 100vw, 800px\" \/><\/a><figcaption class=\"wp-element-caption\">Provence map &#8211; Provence France<\/figcaption><\/figure>\n\n<h4 class=\"wp-block-heading\">Provence France<\/h4>\n\n<p>Looking at the Map of Provence, one can see that it is composed of six <span id=\"urn:local-text-annotation-0j2fgbs28pmp1c6u0tugc65m9ih3yxkr\" class=\"textannotation disambiguated wl-thing\">departments:<\/span> <span id=\"urn:local-text-annotation-619gq6gblvnhr5c0pdyuvjdcbv4ar8aw\" class=\"textannotation disambiguated wl-place\"><strong>Alpes de Haute Provence<\/strong><\/span> (04, <i><span id=\"urn:local-text-annotation-q80ombyv67pw1an0dovl1qqglfr20uif\" class=\"textannotation disambiguated wl-place\">Alpes-de-Haute-Provence<\/span><\/i>); <span id=\"urn:local-text-annotation-obprdel28k6lrxd49ff4if3dsv053t88\" class=\"textannotation disambiguated wl-place\"><strong>High Alps<\/strong><\/span> (05, <i><span id=\"urn:local-text-annotation-w17wf91kkjh5n0hocdgzxsjmdjkw8y0x\" class=\"textannotation disambiguated wl-place\">Hautes-Alpes);<\/span><\/i> <span id=\"urn:local-text-annotation-78wt3dxlgzpvxjnlfczy1ba3u8cpmzpx\" class=\"textannotation disambiguated wl-place\"><strong>Maritime Alps<\/strong><\/span> (06, <i><span id=\"urn:local-text-annotation-k70p4zttpwdr0j3xyoo7cyssoo25wozr\" class=\"textannotation disambiguated wl-place\">Alpes-Maritimes<\/span><\/i>); <span id=\"urn:local-text-annotation-57mhaglerugbqwlh9qpnfpsm7c4qvmeq\" class=\"textannotation disambiguated wl-place\"><strong>Bouches du Rhone<\/strong><\/span> (13, <i><span id=\"urn:local-text-annotation-rbe91mpqxmp7rt62fm89tak8d2rjpxtv\" class=\"textannotation disambiguated wl-place\">Bouches-du-Rh\u00f4ne<\/span><\/i>); <span id=\"urn:local-text-annotation-bpg5tt2cpzaaxoiv3ganeqx186yxe3hb\" class=\"textannotation disambiguated wl-place\"><strong>Var<\/strong><\/span> (83, <i><span id=\"urn:local-text-annotation-vzhudvv4h1x4p0o1l00sgeju4ehvjtxp\" class=\"textannotation disambiguated wl-place\">Var<\/span><\/i>); <span id=\"urn:local-text-annotation-xn5lvdkslnhff2m1d1gnjuo2o6qlcqb2\" class=\"textannotation disambiguated wl-place\"><strong>Vaucluse<\/strong><\/span> (84) and also includes the <span id=\"urn:local-text-annotation-k71b5anowkqnb62wp2xjo3gnu1znvkzq\" class=\"textannotation disambiguated wl-organization\"><strong>Principality of Monaco<\/strong><\/span>.<\/p>\n\n<h2 class=\"wp-block-heading\">What to visit in Provence by car<\/h2>\n\n<p>Visiting Provence by car is the best way, if not the only way, not to miss even one of its wonders.<\/p>\n\n<h3 class=\"wp-block-heading\">Provence Tours by Car<\/h3>\n\n<p>Very often we were always more than 6 people, so for our tour of Provence by car, we opted to hire a 9-seater minibus <a href=\"http:\/\/dovevado.net\/en\/rent-a-car-tricks-and-recommendations\/\">LEARN HOW TO RENT A CAR. <\/a>If you hire a minivan, make sure that the air conditioning system has a good distribution throughout the vehicle to avoid freezing in the front seats and still suffering the heat in the back seats especially in very hot summers.<\/p>\n\n<h2 class=\"wp-block-heading\">Provence Itineraries<\/h2>\n\n<p>On our first trip to Provence we only had two days, but over the years we went back to that region many times because each time we got more and more excited as if we were watching a television series that at the end of each episode makes you want to see the next one right away.<\/p>\n\n<ul class=\"wp-block-list\">\n<li><a href=\"#bocche\">Bouches du Rh\u00f4ne &#8211; Bouches du Rh\u00f4ne<\/a><\/li>\n\n\n\n<li><a href=\"#vaucluse\">Vaucluse<\/a><\/li>\n\n\n\n<li><a href=\"#alpi\">Alpi dell&#8217;Alta Provenza &#8211; Alpes de Haute Provence<\/a><\/li>\n\n\n\n<li><a href=\"#PROVENZA-4\">Provence of the Alpes Maritimes and C\u00f4te d&#8217;Azur<\/a><\/li>\n<\/ul>\n\n<p>This is how we have built our Provence itineraries over time<\/p>\n\n<div style=\"height:50px\" aria-hidden=\"true\" class=\"wp-block-spacer\"><\/div>\n\n<hr class=\"wp-block-separator has-alpha-channel-opacity\"\/>\n\n<h2 class=\"wp-block-heading\" id=\"bocche\">1. Trip to Provence: Bouches du Rh\u00f4ne &#8211; Bouches du Rh\u00f4ne<i><\/i><\/h2>\n\n<p>For our first Provence Itinerary we left very early on Saturday morning in the direction of <span id=\"urn:local-text-annotation-uq73247jkrd7412175t09pxppyxqeo7n\" class=\"textannotation disambiguated wl-place\">Aix en Provence<\/span>. From Viareggio it is just a four-hour drive, which allowed us to be at the Saturday morning local market in <span id=\"urn:local-text-annotation-54zy0g9niowf5u0zj0gcpb7w4kxmkudh\" class=\"textannotation disambiguated wl-place\">Aix<\/span> by mid-morning.<\/p>\n\n<h3 class=\"wp-block-heading\">Aix en Provence what to see<\/h3>\n\n<p>A truly tres jolie experience, a truly beautiful atmosphere and light framed our escape. There were many stalls selling typical products, from cheeses to a whole range of handicrafts made from olive wood, to works of art, and finally products made from lavender.<\/p>\n\n<p>The thing that struck us most and that continued to excite us afterwards was the atmosphere created by the hidden squares with huge trees, the caf\u00e9s full of people having lunch while listening to the many street performers singing traditional French songs from <span id=\"urn:local-text-annotation-o4iov10i5cpnn974w9ynajwaoqsp62ie\" class=\"textannotation disambiguated wl-organization\">Edith Piaf<\/span> to Charles Aznavour typical of almost every <strong>villages of Provence<\/strong><br\/>A mood truly made for lovers made to strike the senses.<br\/>In about two hours you can walk through the old town and visit the cathedral, after which we are driving towards <span id=\"urn:local-text-annotation-mgasfyi3qrpuhj8nl3w9cd0gs76ozpp3\" class=\"textannotation disambiguated wl-place\">Arles<\/span>, which in my opinion is the queen of Provence.<\/p>\n\n<h3 class=\"wp-block-heading\">Arles a city to remember<\/h3>\n\n<p>Among the <strong>things to see in Provence<\/strong>, <a href=\"http:\/\/dovevado.net\/en\/arles-history-and-art-in-provence\/\">Arles<\/a> is worth a visit.<br\/>The city lies on the banks of the Rhone River and has been a key point of Roman expansion into Spain since antiquity. <br\/>The Gauls there were not only overwhelmed militarily, but using the ancient saying: &#8216;Panem et Circenses&#8217; The Romans transformed the ancient villages into a city with theatres, palaces and an amphitheatre second only to the coliseum, thus giving this city periods of development and splendour.<br\/>When it became a Roman colony, it was a place for the legionaries of the VI Legio Ferrata on leave and one of Emperor Constantine&#8217;s favourite residences.<\/p>\n\n<figure class=\"wp-block-image aligncenter\"><a href=\"https:\/\/i0.wp.com\/dovevado.net\/wp-content\/uploads\/2018\/11\/Arles-anfiteatro.jpg\"><img data-recalc-dims=\"1\" loading=\"lazy\" decoding=\"async\" width=\"800\" height=\"600\" src=\"https:\/\/i0.wp.com\/dovevado.net\/wp-content\/uploads\/2018\/11\/Arles-anfiteatro.jpg?resize=800%2C600\" alt=\"visit Provence Arles amphitheatre\" class=\"wp-image-7338\" title=\"\" srcset=\"https:\/\/i0.wp.com\/dovevado.net\/wp-content\/uploads\/2018\/11\/Arles-anfiteatro.jpg?resize=1200%2C900&amp;ssl=1 1200w, https:\/\/i0.wp.com\/dovevado.net\/wp-content\/uploads\/2018\/11\/Arles-anfiteatro.jpg?resize=300%2C225&amp;ssl=1 300w, https:\/\/i0.wp.com\/dovevado.net\/wp-content\/uploads\/2018\/11\/Arles-anfiteatro.jpg?resize=768%2C576&amp;ssl=1 768w, https:\/\/i0.wp.com\/dovevado.net\/wp-content\/uploads\/2018\/11\/Arles-anfiteatro.jpg?resize=1024%2C768&amp;ssl=1 1024w, https:\/\/i0.wp.com\/dovevado.net\/wp-content\/uploads\/2018\/11\/Arles-anfiteatro.jpg?resize=200%2C150&amp;ssl=1 200w, https:\/\/i0.wp.com\/dovevado.net\/wp-content\/uploads\/2018\/11\/Arles-anfiteatro.jpg?resize=400%2C300&amp;ssl=1 400w, https:\/\/i0.wp.com\/dovevado.net\/wp-content\/uploads\/2018\/11\/Arles-anfiteatro.jpg?resize=600%2C450&amp;ssl=1 600w, https:\/\/i0.wp.com\/dovevado.net\/wp-content\/uploads\/2018\/11\/Arles-anfiteatro.jpg?resize=800%2C600&amp;ssl=1 800w, https:\/\/i0.wp.com\/dovevado.net\/wp-content\/uploads\/2018\/11\/Arles-anfiteatro.jpg?w=1600&amp;ssl=1 1600w\" sizes=\"(max-width: 800px) 100vw, 800px\" \/><\/a><figcaption class=\"wp-element-caption\">Arles amphitheatre<\/figcaption><\/figure>\n\n<p>Walking through the streets of <span id=\"urn:local-text-annotation-gn1usb6e2gc0j7ts7dx66qfhwfpssev1\" class=\"textannotation wl-link disambiguated wl-place\">Arles<\/span>, one breathes in ancient and even medieval history. In this city, in the cathedral of Saint Trophine, Frederick Barbarossa was crowned as king of <span id=\"urn:local-text-annotation-cbnhqeb1tvkwchs4vmixnsou4erjpkej\" class=\"textannotation wl-link disambiguated wl-place\">Arles<\/span>.<\/p>\n\n<h3 class=\"wp-block-heading\">Van Gogh in Arles<\/h3>\n\n<p>But one of the most exciting periods in history was the stay of Vincent Van Gogh, who lived in the Proven\u00e7al town from 1888.<br\/>Van Gogh wanted to develop in the house his brother Theo had rented for him in the small Proven\u00e7al town, &#8216;The Yellow House&#8217;, a place where Impressionist painters could work together aided by the splendid light of Provence and thus overcome the hegemony of Paris in the pictorial art of the time.<\/p>\n\n<figure class=\"wp-block-image aligncenter\"><a href=\"https:\/\/i0.wp.com\/dovevado.net\/wp-content\/uploads\/2018\/11\/Caffe-la-nuit-Arles-oggi.jpg\"><img data-recalc-dims=\"1\" loading=\"lazy\" decoding=\"async\" width=\"800\" height=\"534\" src=\"https:\/\/i0.wp.com\/dovevado.net\/wp-content\/uploads\/2018\/11\/Caffe-la-nuit-Arles-oggi.jpg?resize=800%2C534\" alt=\"to see in Provence Caff&#xE9; la nuit Arles today\" class=\"wp-image-7326\" title=\"\" srcset=\"https:\/\/i0.wp.com\/dovevado.net\/wp-content\/uploads\/2018\/11\/Caffe-la-nuit-Arles-oggi.jpg?resize=1200%2C801&amp;ssl=1 1200w, https:\/\/i0.wp.com\/dovevado.net\/wp-content\/uploads\/2018\/11\/Caffe-la-nuit-Arles-oggi.jpg?resize=300%2C200&amp;ssl=1 300w, https:\/\/i0.wp.com\/dovevado.net\/wp-content\/uploads\/2018\/11\/Caffe-la-nuit-Arles-oggi.jpg?resize=768%2C513&amp;ssl=1 768w, https:\/\/i0.wp.com\/dovevado.net\/wp-content\/uploads\/2018\/11\/Caffe-la-nuit-Arles-oggi.jpg?resize=1024%2C684&amp;ssl=1 1024w, https:\/\/i0.wp.com\/dovevado.net\/wp-content\/uploads\/2018\/11\/Caffe-la-nuit-Arles-oggi.jpg?resize=200%2C134&amp;ssl=1 200w, https:\/\/i0.wp.com\/dovevado.net\/wp-content\/uploads\/2018\/11\/Caffe-la-nuit-Arles-oggi.jpg?resize=400%2C267&amp;ssl=1 400w, https:\/\/i0.wp.com\/dovevado.net\/wp-content\/uploads\/2018\/11\/Caffe-la-nuit-Arles-oggi.jpg?resize=600%2C401&amp;ssl=1 600w, https:\/\/i0.wp.com\/dovevado.net\/wp-content\/uploads\/2018\/11\/Caffe-la-nuit-Arles-oggi.jpg?resize=800%2C534&amp;ssl=1 800w, https:\/\/i0.wp.com\/dovevado.net\/wp-content\/uploads\/2018\/11\/Caffe-la-nuit-Arles-oggi.jpg?w=1600&amp;ssl=1 1600w\" sizes=\"(max-width: 800px) 100vw, 800px\" \/><\/a><figcaption class=\"wp-element-caption\">Caf\u00e9 la nuit Arles today<\/figcaption><\/figure>\n\n<figure class=\"wp-block-image aligncenter\"><a href=\"https:\/\/i0.wp.com\/dovevado.net\/wp-content\/uploads\/2019\/01\/Van-Gogh-Arles.jpg\"><img data-recalc-dims=\"1\" loading=\"lazy\" decoding=\"async\" width=\"800\" height=\"600\" src=\"https:\/\/i0.wp.com\/dovevado.net\/wp-content\/uploads\/2019\/01\/Van-Gogh-Arles.jpg?resize=800%2C600\" alt=\"Provence what to see Van Gogh Arles\" class=\"wp-image-8311\" title=\"\" srcset=\"https:\/\/i0.wp.com\/dovevado.net\/wp-content\/uploads\/2019\/01\/Van-Gogh-Arles.jpg?resize=1200%2C900&amp;ssl=1 1200w, https:\/\/i0.wp.com\/dovevado.net\/wp-content\/uploads\/2019\/01\/Van-Gogh-Arles.jpg?resize=300%2C225&amp;ssl=1 300w, https:\/\/i0.wp.com\/dovevado.net\/wp-content\/uploads\/2019\/01\/Van-Gogh-Arles.jpg?resize=768%2C576&amp;ssl=1 768w, https:\/\/i0.wp.com\/dovevado.net\/wp-content\/uploads\/2019\/01\/Van-Gogh-Arles.jpg?resize=1024%2C768&amp;ssl=1 1024w, https:\/\/i0.wp.com\/dovevado.net\/wp-content\/uploads\/2019\/01\/Van-Gogh-Arles.jpg?resize=200%2C150&amp;ssl=1 200w, https:\/\/i0.wp.com\/dovevado.net\/wp-content\/uploads\/2019\/01\/Van-Gogh-Arles.jpg?resize=400%2C300&amp;ssl=1 400w, https:\/\/i0.wp.com\/dovevado.net\/wp-content\/uploads\/2019\/01\/Van-Gogh-Arles.jpg?resize=600%2C450&amp;ssl=1 600w, https:\/\/i0.wp.com\/dovevado.net\/wp-content\/uploads\/2019\/01\/Van-Gogh-Arles.jpg?resize=800%2C600&amp;ssl=1 800w, https:\/\/i0.wp.com\/dovevado.net\/wp-content\/uploads\/2019\/01\/Van-Gogh-Arles.jpg?w=2048&amp;ssl=1 2048w, https:\/\/i0.wp.com\/dovevado.net\/wp-content\/uploads\/2019\/01\/Van-Gogh-Arles.jpg?w=1600 1600w\" sizes=\"(max-width: 800px) 100vw, 800px\" \/><\/a><figcaption class=\"wp-element-caption\">Van Gogh Arles<\/figcaption><\/figure>\n\n<p>The Yellow House no longer exists today, destroyed by German bombing in World War II, but I can assure you that being in that place gave us a very strong emotion.<br\/>We had another immense emotion when we dined at the Caf\u00e9 de l&#8217;Alcazar where the Dutch painter and also Paul Gauguin made magnificent paintings including the very famous Caf\u00e9 la Nuit. We dined at the tables in the painting.<\/p>\n\n<h3 class=\"wp-block-heading\">Where to sleep in Arles in Provence<\/h3>\n\n<p>In our travels. the first time we stayed at the hotel <a href=\"https:\/\/www.lafeniere.com\/\" target=\"_blank\" rel=\"noopener\">La Feniere<\/a> a small hotel 10 minutes&#8217; drive from <span id=\"urn:local-text-annotation-shztg4khk1zrhb912ub7rdm2dlxlrd09\" class=\"textannotation wl-link disambiguated wl-place\">Arles<\/span> really nice. It felt like a setting from the film Mary Poppins.<br\/>The rooms were not very big, but breakfast was served in the garden among fragrant flowers and waiters in black jackets.<\/p>\n\n<p>On two other trips, we stayed at <a href=\"https:\/\/www.le-mas-saint-florent.com\/fr\" target=\"_blank\" rel=\"noopener\">Mas Saint Florent<\/a>, a beautiful villa with a swimming pool on a b&amp;b basis. In the middle of nature just outside <span id=\"urn:local-text-annotation-2sd40k8iykpjrjvhu89j44bnpmra71ig\" class=\"textannotation wl-link disambiguated wl-place\">Arles<\/span>. Very well-kept rooms and unbelievable friendliness on the part of the owner. A truly top romantic spot<\/p>\n\n<h2 class=\"wp-block-heading\">Camargue is among the best places to visit in Provence<\/h2>\n\n<p><strong>Not to be missed in Provence<\/strong> is a visit to the <a href=\"http:\/\/dovevado.net\/en\/camargue-e-saintes-maries-de-la-mer\/\">Camargue and Saintes Maries de la Mer<\/a> (READ THE STORY), which is only a few kilometres from Arles.<br\/>This location also inspires serenity and contact with nature, which is why we find it truly romantic.<br\/>Beaches that seem unspoilt, nature unchallenged but managed, the large herds of white horses galloping through the marshes transported us to another world.<\/p>\n\n<figure class=\"wp-block-image aligncenter\"><a href=\"https:\/\/i0.wp.com\/dovevado.net\/wp-content\/uploads\/2018\/12\/Aigues-mortes-Camargue.jpg\"><img data-recalc-dims=\"1\" loading=\"lazy\" decoding=\"async\" width=\"800\" height=\"450\" src=\"https:\/\/i0.wp.com\/dovevado.net\/wp-content\/uploads\/2018\/12\/Aigues-mortes-Camargue.jpg?resize=800%2C450\" alt=\"not to be missed in Provence Aigues Mortes - Camargue\" class=\"wp-image-7587\" title=\"\" srcset=\"https:\/\/i0.wp.com\/dovevado.net\/wp-content\/uploads\/2018\/12\/Aigues-mortes-Camargue.jpg?resize=1200%2C675&amp;ssl=1 1200w, https:\/\/i0.wp.com\/dovevado.net\/wp-content\/uploads\/2018\/12\/Aigues-mortes-Camargue.jpg?resize=300%2C169&amp;ssl=1 300w, https:\/\/i0.wp.com\/dovevado.net\/wp-content\/uploads\/2018\/12\/Aigues-mortes-Camargue.jpg?resize=768%2C432&amp;ssl=1 768w, https:\/\/i0.wp.com\/dovevado.net\/wp-content\/uploads\/2018\/12\/Aigues-mortes-Camargue.jpg?resize=1024%2C576&amp;ssl=1 1024w, https:\/\/i0.wp.com\/dovevado.net\/wp-content\/uploads\/2018\/12\/Aigues-mortes-Camargue.jpg?resize=200%2C113&amp;ssl=1 200w, https:\/\/i0.wp.com\/dovevado.net\/wp-content\/uploads\/2018\/12\/Aigues-mortes-Camargue.jpg?resize=400%2C225&amp;ssl=1 400w, https:\/\/i0.wp.com\/dovevado.net\/wp-content\/uploads\/2018\/12\/Aigues-mortes-Camargue.jpg?resize=600%2C338&amp;ssl=1 600w, https:\/\/i0.wp.com\/dovevado.net\/wp-content\/uploads\/2018\/12\/Aigues-mortes-Camargue.jpg?resize=800%2C450&amp;ssl=1 800w, https:\/\/i0.wp.com\/dovevado.net\/wp-content\/uploads\/2018\/12\/Aigues-mortes-Camargue.jpg?w=1600&amp;ssl=1 1600w\" sizes=\"(max-width: 800px) 100vw, 800px\" \/><\/a><figcaption class=\"wp-element-caption\">Aigues Mortes &#8211; Camargue<\/figcaption><\/figure>\n\n<p>Characteristic in the region are also the large cattle farms including the bulls used for bullfights which in the Camargue are almost all non bloody, a real bullfight where the bulls come out of the arena with their paws.<\/p>\n\n<figure class=\"wp-block-image aligncenter\"><a href=\"https:\/\/i0.wp.com\/dovevado.net\/wp-content\/uploads\/2018\/12\/cAmargue-a-cavallo.jpg\"><img data-recalc-dims=\"1\" loading=\"lazy\" decoding=\"async\" width=\"800\" height=\"533\" src=\"https:\/\/i0.wp.com\/dovevado.net\/wp-content\/uploads\/2018\/12\/cAmargue-a-cavallo.jpg?resize=800%2C533\" alt=\"Camargue on horseback\" class=\"wp-image-7590\" title=\"\" srcset=\"https:\/\/i0.wp.com\/dovevado.net\/wp-content\/uploads\/2018\/12\/cAmargue-a-cavallo.jpg?resize=1200%2C800&amp;ssl=1 1200w, https:\/\/i0.wp.com\/dovevado.net\/wp-content\/uploads\/2018\/12\/cAmargue-a-cavallo.jpg?resize=300%2C200&amp;ssl=1 300w, https:\/\/i0.wp.com\/dovevado.net\/wp-content\/uploads\/2018\/12\/cAmargue-a-cavallo.jpg?resize=768%2C512&amp;ssl=1 768w, https:\/\/i0.wp.com\/dovevado.net\/wp-content\/uploads\/2018\/12\/cAmargue-a-cavallo.jpg?resize=1024%2C682&amp;ssl=1 1024w, https:\/\/i0.wp.com\/dovevado.net\/wp-content\/uploads\/2018\/12\/cAmargue-a-cavallo.jpg?resize=200%2C133&amp;ssl=1 200w, https:\/\/i0.wp.com\/dovevado.net\/wp-content\/uploads\/2018\/12\/cAmargue-a-cavallo.jpg?resize=400%2C267&amp;ssl=1 400w, https:\/\/i0.wp.com\/dovevado.net\/wp-content\/uploads\/2018\/12\/cAmargue-a-cavallo.jpg?resize=600%2C400&amp;ssl=1 600w, https:\/\/i0.wp.com\/dovevado.net\/wp-content\/uploads\/2018\/12\/cAmargue-a-cavallo.jpg?resize=800%2C533&amp;ssl=1 800w, https:\/\/i0.wp.com\/dovevado.net\/wp-content\/uploads\/2018\/12\/cAmargue-a-cavallo.jpg?w=1600&amp;ssl=1 1600w\" sizes=\"(max-width: 800px) 100vw, 800px\" \/><\/a><figcaption class=\"wp-element-caption\">Camargue by horse &#8211; Photo credit: <a href=\"https:\/\/www.flickr.com\/photos\/tzumbiehl\/14908341747\/\" target=\"_blank\" rel=\"noopener\">T. Zumbiehl<\/a> on <a href=\"https:\/\/foter.com\" target=\"_blank\" rel=\"noopener\">Foter.com<\/a> \/ <a href=\"http:\/\/creativecommons.org\/licenses\/by-nc-sa\/2.0\/\" target=\"_blank\" rel=\"noopener\"> CC BY-NC-SA<\/a><\/figcaption><\/figure>\n\n<p>The area is very beautiful and important from a naturalistic point of view. It is easy in the numerous ponds to admire the pink flamingos that stop there on their migratory routes, but the villages and towns such as Saintes Maries de la Mer and Augues Mortes are also worth visiting.<br\/>The latter is a beautiful walled city situated on the edge of the large expanses of water bordering the sea.<\/p>\n\n<p>On our way back to Arles, we made a passing stop in the city of <strong>Nimes<\/strong>, one of the most important and flourishing cities of Gaul in Roman times. Impressive is its well-preserved amphitheatre, which, as happens in these parts, is used as a bullfighting arena and for events.<\/p>\n\n<figure class=\"wp-block-image aligncenter\"><a href=\"https:\/\/i0.wp.com\/dovevado.net\/wp-content\/uploads\/2019\/01\/anfiteatro-di-Nimes.jpg\"><img data-recalc-dims=\"1\" loading=\"lazy\" decoding=\"async\" width=\"800\" height=\"539\" src=\"https:\/\/i0.wp.com\/dovevado.net\/wp-content\/uploads\/2019\/01\/anfiteatro-di-Nimes.jpg?resize=800%2C539\" alt=\"Trip to Provence amphitheatre of Nimes\" class=\"wp-image-8305\" title=\"\" srcset=\"https:\/\/i0.wp.com\/dovevado.net\/wp-content\/uploads\/2019\/01\/anfiteatro-di-Nimes.jpg?resize=1200%2C808&amp;ssl=1 1200w, https:\/\/i0.wp.com\/dovevado.net\/wp-content\/uploads\/2019\/01\/anfiteatro-di-Nimes.jpg?resize=300%2C202&amp;ssl=1 300w, https:\/\/i0.wp.com\/dovevado.net\/wp-content\/uploads\/2019\/01\/anfiteatro-di-Nimes.jpg?resize=768%2C517&amp;ssl=1 768w, https:\/\/i0.wp.com\/dovevado.net\/wp-content\/uploads\/2019\/01\/anfiteatro-di-Nimes.jpg?resize=1024%2C690&amp;ssl=1 1024w, https:\/\/i0.wp.com\/dovevado.net\/wp-content\/uploads\/2019\/01\/anfiteatro-di-Nimes.jpg?resize=200%2C135&amp;ssl=1 200w, https:\/\/i0.wp.com\/dovevado.net\/wp-content\/uploads\/2019\/01\/anfiteatro-di-Nimes.jpg?resize=400%2C269&amp;ssl=1 400w, https:\/\/i0.wp.com\/dovevado.net\/wp-content\/uploads\/2019\/01\/anfiteatro-di-Nimes.jpg?resize=600%2C404&amp;ssl=1 600w, https:\/\/i0.wp.com\/dovevado.net\/wp-content\/uploads\/2019\/01\/anfiteatro-di-Nimes.jpg?resize=800%2C539&amp;ssl=1 800w, https:\/\/i0.wp.com\/dovevado.net\/wp-content\/uploads\/2019\/01\/anfiteatro-di-Nimes.jpg?w=2048&amp;ssl=1 2048w, https:\/\/i0.wp.com\/dovevado.net\/wp-content\/uploads\/2019\/01\/anfiteatro-di-Nimes.jpg?w=1600 1600w\" sizes=\"(max-width: 800px) 100vw, 800px\" \/><\/a><figcaption class=\"wp-element-caption\">amphitheatre of Nimes<\/figcaption><\/figure>\n\n<p>In the same area another incredible testimony of the greatness of the Romans, the Ponte du Gard.<\/p>\n\n<h2 class=\"wp-block-heading\">Provence places to visit &#8211; Pont du Gard<\/h2>\n\n<p>Truly impressive is the Pont du Gard, this ancient Roman aqueduct built around 17 B.C. and still intact in all its beauty.<\/p>\n\n<figure class=\"wp-block-image aligncenter\"><a href=\"https:\/\/i0.wp.com\/dovevado.net\/wp-content\/uploads\/2019\/01\/Pont-du-gard.jpg\"><img data-recalc-dims=\"1\" loading=\"lazy\" decoding=\"async\" width=\"800\" height=\"600\" src=\"https:\/\/i0.wp.com\/dovevado.net\/wp-content\/uploads\/2019\/01\/Pont-du-gard.jpg?resize=800%2C600\" alt=\"Provence Pont du Gard\" class=\"wp-image-8308\" title=\"\" srcset=\"https:\/\/i0.wp.com\/dovevado.net\/wp-content\/uploads\/2019\/01\/Pont-du-gard.jpg?resize=1200%2C900&amp;ssl=1 1200w, https:\/\/i0.wp.com\/dovevado.net\/wp-content\/uploads\/2019\/01\/Pont-du-gard.jpg?resize=300%2C225&amp;ssl=1 300w, https:\/\/i0.wp.com\/dovevado.net\/wp-content\/uploads\/2019\/01\/Pont-du-gard.jpg?resize=768%2C576&amp;ssl=1 768w, https:\/\/i0.wp.com\/dovevado.net\/wp-content\/uploads\/2019\/01\/Pont-du-gard.jpg?resize=1024%2C768&amp;ssl=1 1024w, https:\/\/i0.wp.com\/dovevado.net\/wp-content\/uploads\/2019\/01\/Pont-du-gard.jpg?resize=200%2C150&amp;ssl=1 200w, https:\/\/i0.wp.com\/dovevado.net\/wp-content\/uploads\/2019\/01\/Pont-du-gard.jpg?resize=400%2C300&amp;ssl=1 400w, https:\/\/i0.wp.com\/dovevado.net\/wp-content\/uploads\/2019\/01\/Pont-du-gard.jpg?resize=600%2C450&amp;ssl=1 600w, https:\/\/i0.wp.com\/dovevado.net\/wp-content\/uploads\/2019\/01\/Pont-du-gard.jpg?resize=800%2C600&amp;ssl=1 800w, https:\/\/i0.wp.com\/dovevado.net\/wp-content\/uploads\/2019\/01\/Pont-du-gard.jpg?w=2000&amp;ssl=1 2000w, https:\/\/i0.wp.com\/dovevado.net\/wp-content\/uploads\/2019\/01\/Pont-du-gard.jpg?w=1600 1600w\" sizes=\"(max-width: 800px) 100vw, 800px\" \/><\/a><figcaption class=\"wp-element-caption\">Pont du Gard<\/figcaption><\/figure>\n\n<p>It was part of a long aqueduct that brought water to Nimes. No cement or lime was used in its construction, which makes the work even more extraordinary.<br\/>You pay a 5 euro ticket to access the bridge area, but it is really worth it.<br\/>The Gardon river near the pont de Gard is used as a bathing area, and since we found ourselves during our visit in the hottest time ever (temperatures of 46\u00b0C were reached), we took advantage of it too.<\/p>\n\n<div style=\"height:50px\" aria-hidden=\"true\" class=\"wp-block-spacer\"><\/div>\n\n<hr class=\"wp-block-separator has-alpha-channel-opacity\"\/>\n\n<h2 class=\"wp-block-heading\" id=\"vaucluse\">2. Vaucluse between countryside and Van Gogh sites<\/h2>\n\n<p>Again using <span id=\"urn:local-text-annotation-nfkh3xvw77fest66qu0t54v93cuh0khv\" class=\"textannotation wl-link disambiguated wl-place\">Arles<\/span> as a base, we proceeded northwards on another beautiful tour with destination <span id=\"urn:local-text-annotation-hqkro1gr9jb9ghmj0p0nk6enwvbyblcx\" class=\"textannotation disambiguated wl-place\">Avignon<\/span> in the department of <a href=\"https:\/\/it.wikipedia.org\/wiki\/Vaucluse\" target=\"_blank\" rel=\"noopener\">Vaucluse<\/a>, an area also loved by Petrarch where he composed &#8216;Chiare, fresche e dolci acque&#8217; (Clear, fresh and sweet waters).<\/p>\n\n<p>We decided to proceed to <strong>Saint Remy de Provence<\/strong> to visit the places where Van Gogh spent his last months in the town&#8217;s psychiatric hospital.<br\/>On our way to this first stage we passed two places of great interest, the first, about 4 kilometres north east of Arles is the Abbey of Montmajour.<\/p>\n\n<h2 class=\"wp-block-heading\">Abbey of Montmajour<\/h2>\n\n<p><strong>The abbey of Montmajour<\/strong> has developed over the centuries, accompanying the history of Provence: at the beginning, a hermitage was built around the 11th pilgrimage point and also became the burial place of the Counts of Provence. In the 12th century it was enlarged with the addition of the monastery, then in the 14th century the beautiful watchtower was added.<\/p>\n\n<p>It was an unexpected and instructive stop, we stopped for about an hour because our route to Saint Rem\u00ec de Provence is still long.<\/p>\n\n<h3 class=\"wp-block-heading\">Ticket for Montmajour Abbey<\/h3>\n\n<p>The entrance fee to Montmajour is 6 euros and is open every day.<\/p>\n\n<figure class=\"wp-block-image aligncenter\"><a href=\"https:\/\/i0.wp.com\/dovevado.net\/wp-content\/uploads\/2019\/01\/abbazia-di-montmajour.jpg\"><img data-recalc-dims=\"1\" loading=\"lazy\" decoding=\"async\" width=\"800\" height=\"533\" src=\"https:\/\/i0.wp.com\/dovevado.net\/wp-content\/uploads\/2019\/01\/abbazia-di-montmajour.jpg?resize=800%2C533\" alt=\"Provence Voucluse Abbey of Montmajour\" class=\"wp-image-7809\" title=\"\" srcset=\"https:\/\/i0.wp.com\/dovevado.net\/wp-content\/uploads\/2019\/01\/abbazia-di-montmajour.jpg?resize=1200%2C800&amp;ssl=1 1200w, https:\/\/i0.wp.com\/dovevado.net\/wp-content\/uploads\/2019\/01\/abbazia-di-montmajour.jpg?resize=300%2C200&amp;ssl=1 300w, https:\/\/i0.wp.com\/dovevado.net\/wp-content\/uploads\/2019\/01\/abbazia-di-montmajour.jpg?resize=768%2C512&amp;ssl=1 768w, https:\/\/i0.wp.com\/dovevado.net\/wp-content\/uploads\/2019\/01\/abbazia-di-montmajour.jpg?resize=1024%2C683&amp;ssl=1 1024w, https:\/\/i0.wp.com\/dovevado.net\/wp-content\/uploads\/2019\/01\/abbazia-di-montmajour.jpg?resize=200%2C133&amp;ssl=1 200w, https:\/\/i0.wp.com\/dovevado.net\/wp-content\/uploads\/2019\/01\/abbazia-di-montmajour.jpg?resize=400%2C267&amp;ssl=1 400w, https:\/\/i0.wp.com\/dovevado.net\/wp-content\/uploads\/2019\/01\/abbazia-di-montmajour.jpg?resize=600%2C400&amp;ssl=1 600w, https:\/\/i0.wp.com\/dovevado.net\/wp-content\/uploads\/2019\/01\/abbazia-di-montmajour.jpg?resize=800%2C534&amp;ssl=1 800w, https:\/\/i0.wp.com\/dovevado.net\/wp-content\/uploads\/2019\/01\/abbazia-di-montmajour.jpg?w=1600&amp;ssl=1 1600w\" sizes=\"(max-width: 800px) 100vw, 800px\" \/><\/a><figcaption class=\"wp-element-caption\">Abbazia di Montmajour &#8211; Photo credit: <a href=\"https:\/\/www.flickr.com\/photos\/jansgate\/16149351329\/\" target=\"_blank\" rel=\"noopener\">jan buchholtz<\/a> on <a href=\"https:\/\/visualhunt.com\" target=\"_blank\" rel=\"noopener\">VisualHunt.com<\/a> \/ <a href=\"http:\/\/creativecommons.org\/licenses\/by-nc-nd\/2.0\/\" target=\"_blank\" rel=\"noopener\"> CC BY-NC-ND<\/a><\/figcaption><\/figure>\n\n<p>Having left the abbey, we set off again on the D17 road and along it we arrived at another very important Provencal monument: Le Baux de Provence.<\/p>\n\n<h2 class=\"wp-block-heading\">Le Baux de Provence<\/h2>\n\n<p>Arriving in the small village of Le Baux, one cannot help but notice the mighty ruined castle that dominates the valley.<br\/>We could not help but visit this place full of stories and legends:<\/p>\n\n<p>The first we are told is that the lords of Le Baux were even the descendants of Balthazar, one of the Three Kings.<\/p>\n\n<figure class=\"wp-block-image aligncenter\"><a href=\"https:\/\/i0.wp.com\/dovevado.net\/wp-content\/uploads\/2019\/01\/Le-Baux-en-Provence.jpg\"><img data-recalc-dims=\"1\" loading=\"lazy\" decoding=\"async\" width=\"800\" height=\"531\" src=\"https:\/\/i0.wp.com\/dovevado.net\/wp-content\/uploads\/2019\/01\/Le-Baux-en-Provence.jpg?resize=800%2C531\" alt=\"\" class=\"wp-image-8299\" title=\"\" srcset=\"https:\/\/i0.wp.com\/dovevado.net\/wp-content\/uploads\/2019\/01\/Le-Baux-en-Provence.jpg?resize=1200%2C797&amp;ssl=1 1200w, https:\/\/i0.wp.com\/dovevado.net\/wp-content\/uploads\/2019\/01\/Le-Baux-en-Provence.jpg?resize=300%2C199&amp;ssl=1 300w, https:\/\/i0.wp.com\/dovevado.net\/wp-content\/uploads\/2019\/01\/Le-Baux-en-Provence.jpg?resize=768%2C510&amp;ssl=1 768w, https:\/\/i0.wp.com\/dovevado.net\/wp-content\/uploads\/2019\/01\/Le-Baux-en-Provence.jpg?resize=1024%2C680&amp;ssl=1 1024w, https:\/\/i0.wp.com\/dovevado.net\/wp-content\/uploads\/2019\/01\/Le-Baux-en-Provence.jpg?resize=200%2C133&amp;ssl=1 200w, https:\/\/i0.wp.com\/dovevado.net\/wp-content\/uploads\/2019\/01\/Le-Baux-en-Provence.jpg?resize=400%2C266&amp;ssl=1 400w, https:\/\/i0.wp.com\/dovevado.net\/wp-content\/uploads\/2019\/01\/Le-Baux-en-Provence.jpg?resize=600%2C398&amp;ssl=1 600w, https:\/\/i0.wp.com\/dovevado.net\/wp-content\/uploads\/2019\/01\/Le-Baux-en-Provence.jpg?resize=800%2C531&amp;ssl=1 800w, https:\/\/i0.wp.com\/dovevado.net\/wp-content\/uploads\/2019\/01\/Le-Baux-en-Provence.jpg?w=2048&amp;ssl=1 2048w, https:\/\/i0.wp.com\/dovevado.net\/wp-content\/uploads\/2019\/01\/Le-Baux-en-Provence.jpg?w=1600 1600w\" sizes=\"(max-width: 800px) 100vw, 800px\" \/><\/a><figcaption class=\"wp-element-caption\">Le Baux en Provence &#8211; Photo credit: <a href=\"https:\/\/visualhunt.co\/a3\/0e189f59\" target=\"_blank\" rel=\"noopener\">mastino70<\/a> on <a href=\"https:\/\/visualhunt.com\/re5\/b07a4705\" target=\"_blank\" rel=\"noopener\">Visualhunt<\/a> \/ <a href=\"http:\/\/creativecommons.org\/licenses\/by-nc-nd\/2.0\/\" target=\"_blank\" rel=\"noopener\"> CC BY-NC-ND<\/a><\/figcaption><\/figure>\n\n<p>The descendants of the counts of Le Baux went far beyond the borders of Provence, from the princes of Orange and the viscounts of Marseilles to southern Italy such as the counts of Avellino, the last lords of Le Baux.<br\/>In the mid-1600s, it was assigned to the Grimaldis and Prince Albert of Monaco still holds the title of Marquis of Le Baux.<\/p>\n\n<p>Le Baux also gives its name to the mineral Bauxite, which is very important for the extraction of aluminium discovered here in 1822 by the geologist Pierre Berthier.<\/p>\n\n<p>As soon as you arrive in the village, you can see that tourism is the main resource today.<br\/>The well-kept village with its cobbled streets and many cafes and souvenir shops leads to the entrance of the castle.<\/p>\n\n<h3 class=\"wp-block-heading\">The castle of Le Baux<\/h3>\n\n<p>The castle, destroyed by Cardinal Richelieu because it was the seat of a Protestant community, is today an important French monument that houses a history museum and numerous events as well as telling us about its vicissitudes.<\/p>\n\n<h2 class=\"wp-block-heading\">Provence things to see &#8211; Saint Rem\u00ec de Provence<\/h2>\n\n<p>Continuing our itinerary we arrived in Saint Rem\u00ec de Provence where we decided to stay for the night in a magnificent chateau transformed into a bed and breakfast by a couple of wealthy English people.<\/p>\n\n<h3 class=\"wp-block-heading\">Saint Rem\u00ec de Provence where to sleep<\/h3>\n\n<p>It was a little difficult to find this Chateau nestled in the countryside near the village, but once through the gate, the spectacle is assured.<br\/>It showed itself to us in all its splendour: huge halls, rooms with period furnishings, a splendid library where I was able to pick up books from the late 18th century including Robespierre&#8217;s account of the third year of the French Revolution.<\/p>\n\n<p>But the highlight was the huge garden with swimming pool and Jacuzzi.<\/p>\n\n<h3 class=\"wp-block-heading\">Visit Saint Rem\u00ec de Provence<\/h3>\n\n<p>We were out and about in the small town on Sunday and noticed a lot of movement in the main street. They were putting up long iron bulkheads and intrigued we asked the people who were working.<br\/>It was the weekly running of the Proven\u00e7al bulls and riders. The local Paul Richard band started the show.<br\/>Bulls running through the streets were joined by horsemen trying to steer them towards the fences. Very nice to see.<\/p>\n\n<p>Saint Remy is a very lively town especially on market days with its tree-lined avenues and the Republic Square. Nearby there are also the remains of a Roman town,<\/p>\n\n<h2 class=\"wp-block-heading\">Van Gogh Saint Remy<\/h2>\n\n<p>The reason that prompted us to stop in Saint Remy de Provence was, as usual, to seek out the places where Van Gogh left his mark, first among them the <b>Maison de sant\u00e9 Saint-Paul de Mausole <\/b>or the psychiatric hospital where Vincent stayed for a year from 1889.<\/p>\n\n<p>Inside and outside the hospital there are signs indicating the places where the painter painted his masterpieces such as &#8220;The Starry Night&#8221;, &#8220;The Cypresses&#8221; and &#8220;Irises&#8221;.<\/p>\n\n<figure class=\"wp-block-image aligncenter\"><a href=\"https:\/\/i0.wp.com\/dovevado.net\/wp-content\/uploads\/2019\/01\/Manicomio-Van-Gogh-Provenza.jpg\"><img data-recalc-dims=\"1\" loading=\"lazy\" decoding=\"async\" width=\"800\" height=\"600\" src=\"https:\/\/i0.wp.com\/dovevado.net\/wp-content\/uploads\/2019\/01\/Manicomio-Van-Gogh-Provenza.jpg?resize=800%2C600\" alt=\"Van Gogh Asylum Provence\" class=\"wp-image-7956\" title=\"\" srcset=\"https:\/\/i0.wp.com\/dovevado.net\/wp-content\/uploads\/2019\/01\/Manicomio-Van-Gogh-Provenza.jpg?resize=1200%2C900&amp;ssl=1 1200w, https:\/\/i0.wp.com\/dovevado.net\/wp-content\/uploads\/2019\/01\/Manicomio-Van-Gogh-Provenza.jpg?resize=300%2C225&amp;ssl=1 300w, https:\/\/i0.wp.com\/dovevado.net\/wp-content\/uploads\/2019\/01\/Manicomio-Van-Gogh-Provenza.jpg?resize=768%2C576&amp;ssl=1 768w, https:\/\/i0.wp.com\/dovevado.net\/wp-content\/uploads\/2019\/01\/Manicomio-Van-Gogh-Provenza.jpg?resize=1024%2C768&amp;ssl=1 1024w, https:\/\/i0.wp.com\/dovevado.net\/wp-content\/uploads\/2019\/01\/Manicomio-Van-Gogh-Provenza.jpg?resize=200%2C150&amp;ssl=1 200w, https:\/\/i0.wp.com\/dovevado.net\/wp-content\/uploads\/2019\/01\/Manicomio-Van-Gogh-Provenza.jpg?resize=400%2C300&amp;ssl=1 400w, https:\/\/i0.wp.com\/dovevado.net\/wp-content\/uploads\/2019\/01\/Manicomio-Van-Gogh-Provenza.jpg?resize=600%2C450&amp;ssl=1 600w, https:\/\/i0.wp.com\/dovevado.net\/wp-content\/uploads\/2019\/01\/Manicomio-Van-Gogh-Provenza.jpg?resize=800%2C600&amp;ssl=1 800w, https:\/\/i0.wp.com\/dovevado.net\/wp-content\/uploads\/2019\/01\/Manicomio-Van-Gogh-Provenza.jpg?w=1600&amp;ssl=1 1600w\" sizes=\"(max-width: 800px) 100vw, 800px\" \/><\/a><figcaption class=\"wp-element-caption\">Van Gogh Asylum Provence<\/figcaption><\/figure>\n\n<p>After our stay in Saint Remy de Provence we passed by Cavaillon famous for its melon production to Isle sur la Surge.<\/p>\n\n<h2 class=\"wp-block-heading\">Isle sur la surge a green lung in a sunburnt land<\/h2>\n\n<p>We arrived in the fantastic village of <strong>Isle sur la Surge<\/strong> in the late morning and I must say that the spectacle is really exciting.<br\/>The flowing water was the predominant noise along with the chatter of the many tourists present and the French music coming from the many bistros present.<br\/>Isle sur la Sourgue is in fact one of the most beautiful villages in France and therefore much visited by tourists from France and elsewhere.<\/p>\n\n<figure class=\"wp-block-image aligncenter\"><a href=\"https:\/\/i0.wp.com\/dovevado.net\/wp-content\/uploads\/2019\/01\/Isle-sur-la-Sourgue-Provenza.jpg\"><img data-recalc-dims=\"1\" loading=\"lazy\" decoding=\"async\" width=\"800\" height=\"533\" src=\"https:\/\/i0.wp.com\/dovevado.net\/wp-content\/uploads\/2019\/01\/Isle-sur-la-Sourgue-Provenza.jpg?resize=800%2C533\" alt=\"Travelling in Provence Isle sur la Sourgue\" class=\"wp-image-8288\" title=\"\" srcset=\"https:\/\/i0.wp.com\/dovevado.net\/wp-content\/uploads\/2019\/01\/Isle-sur-la-Sourgue-Provenza.jpg?resize=1200%2C800&amp;ssl=1 1200w, https:\/\/i0.wp.com\/dovevado.net\/wp-content\/uploads\/2019\/01\/Isle-sur-la-Sourgue-Provenza.jpg?resize=300%2C200&amp;ssl=1 300w, https:\/\/i0.wp.com\/dovevado.net\/wp-content\/uploads\/2019\/01\/Isle-sur-la-Sourgue-Provenza.jpg?resize=768%2C512&amp;ssl=1 768w, https:\/\/i0.wp.com\/dovevado.net\/wp-content\/uploads\/2019\/01\/Isle-sur-la-Sourgue-Provenza.jpg?resize=1024%2C682&amp;ssl=1 1024w, https:\/\/i0.wp.com\/dovevado.net\/wp-content\/uploads\/2019\/01\/Isle-sur-la-Sourgue-Provenza.jpg?resize=200%2C133&amp;ssl=1 200w, https:\/\/i0.wp.com\/dovevado.net\/wp-content\/uploads\/2019\/01\/Isle-sur-la-Sourgue-Provenza.jpg?resize=400%2C267&amp;ssl=1 400w, https:\/\/i0.wp.com\/dovevado.net\/wp-content\/uploads\/2019\/01\/Isle-sur-la-Sourgue-Provenza.jpg?resize=600%2C400&amp;ssl=1 600w, https:\/\/i0.wp.com\/dovevado.net\/wp-content\/uploads\/2019\/01\/Isle-sur-la-Sourgue-Provenza.jpg?resize=800%2C533&amp;ssl=1 800w, https:\/\/i0.wp.com\/dovevado.net\/wp-content\/uploads\/2019\/01\/Isle-sur-la-Sourgue-Provenza.jpg?w=2000&amp;ssl=1 2000w, https:\/\/i0.wp.com\/dovevado.net\/wp-content\/uploads\/2019\/01\/Isle-sur-la-Sourgue-Provenza.jpg?w=1600 1600w\" sizes=\"(max-width: 800px) 100vw, 800px\" \/><\/a><figcaption class=\"wp-element-caption\">Isle sur la Sourgue Provenza<\/figcaption><\/figure>\n\n<p>Going up the river Sourge, you arrive in Fontaine de Vaucluse which for us Italians represents an important historical-literary reference point, it is in fact the town where Petrarca lived part of his life, where he fell in love with Laura who he saw in a church in Avignon and who from 1340 to 1341 inspired the verses that would torment the lives of many Italian students: &#8220;Clear and fresh and sweet waters&#8230;&#8221;.<\/p>\n\n<figure class=\"wp-block-image aligncenter\"><a href=\"https:\/\/i0.wp.com\/dovevado.net\/wp-content\/uploads\/2019\/01\/Isle-sur-la-sourgue.jpg\"><img data-recalc-dims=\"1\" loading=\"lazy\" decoding=\"async\" width=\"800\" height=\"533\" src=\"https:\/\/i0.wp.com\/dovevado.net\/wp-content\/uploads\/2019\/01\/Isle-sur-la-sourgue.jpg?resize=800%2C533\" alt=\"Isle sur la Sourgue Petrarca\" class=\"wp-image-8289\" title=\"\" srcset=\"https:\/\/i0.wp.com\/dovevado.net\/wp-content\/uploads\/2019\/01\/Isle-sur-la-sourgue.jpg?resize=1200%2C800&amp;ssl=1 1200w, https:\/\/i0.wp.com\/dovevado.net\/wp-content\/uploads\/2019\/01\/Isle-sur-la-sourgue.jpg?resize=300%2C200&amp;ssl=1 300w, https:\/\/i0.wp.com\/dovevado.net\/wp-content\/uploads\/2019\/01\/Isle-sur-la-sourgue.jpg?resize=768%2C512&amp;ssl=1 768w, https:\/\/i0.wp.com\/dovevado.net\/wp-content\/uploads\/2019\/01\/Isle-sur-la-sourgue.jpg?resize=1024%2C682&amp;ssl=1 1024w, https:\/\/i0.wp.com\/dovevado.net\/wp-content\/uploads\/2019\/01\/Isle-sur-la-sourgue.jpg?resize=200%2C133&amp;ssl=1 200w, https:\/\/i0.wp.com\/dovevado.net\/wp-content\/uploads\/2019\/01\/Isle-sur-la-sourgue.jpg?resize=400%2C267&amp;ssl=1 400w, https:\/\/i0.wp.com\/dovevado.net\/wp-content\/uploads\/2019\/01\/Isle-sur-la-sourgue.jpg?resize=600%2C400&amp;ssl=1 600w, https:\/\/i0.wp.com\/dovevado.net\/wp-content\/uploads\/2019\/01\/Isle-sur-la-sourgue.jpg?resize=800%2C533&amp;ssl=1 800w, https:\/\/i0.wp.com\/dovevado.net\/wp-content\/uploads\/2019\/01\/Isle-sur-la-sourgue.jpg?w=2000&amp;ssl=1 2000w, https:\/\/i0.wp.com\/dovevado.net\/wp-content\/uploads\/2019\/01\/Isle-sur-la-sourgue.jpg?w=1600 1600w\" sizes=\"(max-width: 800px) 100vw, 800px\" \/><\/a><figcaption class=\"wp-element-caption\">Isle sur la Sourgue Petrarca<\/figcaption><\/figure>\n\n<p>Indeed, this place inspires poetry at every turn with its bucolic landscape full of colourful flowers.<br\/>Our visit to Fountaine de Vaucluse took us to the exact spot where the Sourgue river originates, a destination of inspiration for the poet from Arezzo.<\/p>\n\n<h2 class=\"wp-block-heading\">Avignon the city of Popes<\/h2>\n\n<p>Our tour took us to Avignon, the city known for hosting the papacy from 1316 to 1423 following Pope John XXII&#8217;s decision to make it his seat during the period known as the &#8216;Avignon Captivity&#8217;.<br\/>Basically, we visited the city that did not give me the same feeling as the others seen in Provence. The Palace of the Popes is truly imposing, but it has virtually no furnishings inside and failed to capture our interest and imagination.<\/p>\n\n<p>Very characteristic to see is the bridge of Avignon, the Saint-B\u00e9nezet bridge of which today only 4 arches remain due to the violent flooding of the river. <\/p>\n\n<blockquote class=\"wp-block-quote citazione is-layout-flow wp-block-quote-is-layout-flow\">\n<p><em>Sur le pont d&#8217;<span id=\"urn:local-text-annotation-osohksafh5oe7296kazkg9smecdxl92b\" class=\"textannotation disambiguated wl-place\">Avignon<\/span><\/em>, L&#8217;on y danse, l&#8217;on y danse, <em>Sur le pont d&#8217;<span id=\"urn:local-text-annotation-utlyu86ee4qppbh3eoumamaql5pnjnbo\" class=\"textannotation disambiguated wl-place\">Avignon<\/span><\/em> L&#8217;on y danse tout en rond.<\/p>\n<\/blockquote>\n\n<figure class=\"wp-block-image aligncenter\"><a href=\"https:\/\/i0.wp.com\/dovevado.net\/wp-content\/uploads\/2019\/01\/ponte-di-avignone.jpg\"><img data-recalc-dims=\"1\" loading=\"lazy\" decoding=\"async\" width=\"800\" height=\"531\" src=\"https:\/\/i0.wp.com\/dovevado.net\/wp-content\/uploads\/2019\/01\/ponte-di-avignone.jpg?resize=800%2C531\" alt=\"Visit Provence avignon bridge\" class=\"wp-image-8300\" title=\"\" srcset=\"https:\/\/i0.wp.com\/dovevado.net\/wp-content\/uploads\/2019\/01\/ponte-di-avignone.jpg?resize=1200%2C797&amp;ssl=1 1200w, https:\/\/i0.wp.com\/dovevado.net\/wp-content\/uploads\/2019\/01\/ponte-di-avignone.jpg?resize=300%2C199&amp;ssl=1 300w, https:\/\/i0.wp.com\/dovevado.net\/wp-content\/uploads\/2019\/01\/ponte-di-avignone.jpg?resize=768%2C510&amp;ssl=1 768w, https:\/\/i0.wp.com\/dovevado.net\/wp-content\/uploads\/2019\/01\/ponte-di-avignone.jpg?resize=1024%2C680&amp;ssl=1 1024w, https:\/\/i0.wp.com\/dovevado.net\/wp-content\/uploads\/2019\/01\/ponte-di-avignone.jpg?resize=200%2C133&amp;ssl=1 200w, https:\/\/i0.wp.com\/dovevado.net\/wp-content\/uploads\/2019\/01\/ponte-di-avignone.jpg?resize=400%2C266&amp;ssl=1 400w, https:\/\/i0.wp.com\/dovevado.net\/wp-content\/uploads\/2019\/01\/ponte-di-avignone.jpg?resize=600%2C398&amp;ssl=1 600w, https:\/\/i0.wp.com\/dovevado.net\/wp-content\/uploads\/2019\/01\/ponte-di-avignone.jpg?resize=800%2C531&amp;ssl=1 800w, https:\/\/i0.wp.com\/dovevado.net\/wp-content\/uploads\/2019\/01\/ponte-di-avignone.jpg?w=2048&amp;ssl=1 2048w, https:\/\/i0.wp.com\/dovevado.net\/wp-content\/uploads\/2019\/01\/ponte-di-avignone.jpg?w=1600 1600w\" sizes=\"(max-width: 800px) 100vw, 800px\" \/><\/a><figcaption class=\"wp-element-caption\">avignon bridge<\/figcaption><\/figure>\n\n<p>We were only in Avignon for 3 hours precisely because we were not immediately enthusiastic about it.<\/p>\n\n<div style=\"height:50px\" aria-hidden=\"true\" class=\"wp-block-spacer\"><\/div>\n\n<hr class=\"wp-block-separator has-alpha-channel-opacity\"\/>\n\n<h2 class=\"wp-block-heading\" id=\"alpi\">3. Alpes de Haute Provence &#8211; Alpes de Haute Provence<\/h2>\n\n<p>The <strong>lavender route<\/strong> is still the most exciting in Provence. If you go to the region between June and August, when this magnificent spice blooms, there is a real possibility of being moved by a purple sea.<br\/>Actually, the harvest season starts in mid-July, so the period we always went to the region is from 20 June to 10 July precisely to fully appreciate the splendour of the lavender blossom.<\/p>\n\n<h2 class=\"wp-block-heading\">Lavender in Provence<\/h2>\n\n<p>Provence Where to go to see the lavender blossom? <br\/>We left Arles as usual to head north to the Alpes de Haute Provence department to reach the <strong>lavender fields in Provence.<\/strong><br\/>The purple sea of this beautiful aromatic herb is located between the Gordes area and the Verdon area.<\/p>\n\n<p>As in all our travels, we cannot miss a visit to the lavender fields, an immense expanse that represents about 80% of world production.<\/p>\n\n<p>The first stop on the lavender tour is the village of <strong>Gordes<\/strong> and the nearby a<strong>bbey of Senanque<\/strong>, two places of incredible romanticism.<\/p>\n\n<h3 class=\"wp-block-heading\"><span id=\"urn:local-text-annotation-htujwtr1596tfr5nfnvhd31k236g4zkm\" class=\"textannotation wl-link disambiguated wl-place\">Gordes<\/span><\/h3>\n\n<p>Gordes is a fantastic village perched on a hill that looks like a crib, this village is considered one of the most beautiful in France, thanks to an incredibly rich architectural and historical heritage that represents tradition in all its forms.<\/p>\n\n<figure class=\"wp-block-image aligncenter\"><a href=\"https:\/\/i0.wp.com\/dovevado.net\/wp-content\/uploads\/2019\/01\/Paolo-Gordes.jpg\"><img data-recalc-dims=\"1\" loading=\"lazy\" decoding=\"async\" width=\"800\" height=\"601\" src=\"https:\/\/i0.wp.com\/dovevado.net\/wp-content\/uploads\/2019\/01\/Paolo-Gordes.jpg?resize=800%2C601\" alt=\"Paolo Gordes\" class=\"wp-image-8309\" title=\"\" srcset=\"https:\/\/i0.wp.com\/dovevado.net\/wp-content\/uploads\/2019\/01\/Paolo-Gordes.jpg?resize=1200%2C902&amp;ssl=1 1200w, https:\/\/i0.wp.com\/dovevado.net\/wp-content\/uploads\/2019\/01\/Paolo-Gordes.jpg?resize=300%2C225&amp;ssl=1 300w, https:\/\/i0.wp.com\/dovevado.net\/wp-content\/uploads\/2019\/01\/Paolo-Gordes.jpg?resize=768%2C577&amp;ssl=1 768w, https:\/\/i0.wp.com\/dovevado.net\/wp-content\/uploads\/2019\/01\/Paolo-Gordes.jpg?resize=1024%2C770&amp;ssl=1 1024w, https:\/\/i0.wp.com\/dovevado.net\/wp-content\/uploads\/2019\/01\/Paolo-Gordes.jpg?resize=200%2C150&amp;ssl=1 200w, https:\/\/i0.wp.com\/dovevado.net\/wp-content\/uploads\/2019\/01\/Paolo-Gordes.jpg?resize=400%2C301&amp;ssl=1 400w, https:\/\/i0.wp.com\/dovevado.net\/wp-content\/uploads\/2019\/01\/Paolo-Gordes.jpg?resize=600%2C451&amp;ssl=1 600w, https:\/\/i0.wp.com\/dovevado.net\/wp-content\/uploads\/2019\/01\/Paolo-Gordes.jpg?resize=800%2C601&amp;ssl=1 800w, https:\/\/i0.wp.com\/dovevado.net\/wp-content\/uploads\/2019\/01\/Paolo-Gordes.jpg?w=2000&amp;ssl=1 2000w, https:\/\/i0.wp.com\/dovevado.net\/wp-content\/uploads\/2019\/01\/Paolo-Gordes.jpg?w=1600 1600w\" sizes=\"(max-width: 800px) 100vw, 800px\" \/><\/a><figcaption class=\"wp-element-caption\">Paolo Gordes<\/figcaption><\/figure>\n\n<figure class=\"wp-block-image aligncenter\"><a href=\"https:\/\/i0.wp.com\/dovevado.net\/wp-content\/uploads\/2018\/06\/la-piazza-di-gordes-1.jpg\"><img data-recalc-dims=\"1\" loading=\"lazy\" decoding=\"async\" width=\"800\" height=\"531\" src=\"https:\/\/i0.wp.com\/dovevado.net\/wp-content\/uploads\/2018\/06\/la-piazza-di-gordes-1.jpg?resize=800%2C531\" alt=\"the square of gordes\" class=\"wp-image-3777\" title=\"\" srcset=\"https:\/\/i0.wp.com\/dovevado.net\/wp-content\/uploads\/2018\/06\/la-piazza-di-gordes-1.jpg?resize=1200%2C797&amp;ssl=1 1200w, https:\/\/i0.wp.com\/dovevado.net\/wp-content\/uploads\/2018\/06\/la-piazza-di-gordes-1.jpg?resize=300%2C199&amp;ssl=1 300w, https:\/\/i0.wp.com\/dovevado.net\/wp-content\/uploads\/2018\/06\/la-piazza-di-gordes-1.jpg?resize=768%2C510&amp;ssl=1 768w, https:\/\/i0.wp.com\/dovevado.net\/wp-content\/uploads\/2018\/06\/la-piazza-di-gordes-1.jpg?resize=1024%2C680&amp;ssl=1 1024w, https:\/\/i0.wp.com\/dovevado.net\/wp-content\/uploads\/2018\/06\/la-piazza-di-gordes-1.jpg?resize=200%2C133&amp;ssl=1 200w, https:\/\/i0.wp.com\/dovevado.net\/wp-content\/uploads\/2018\/06\/la-piazza-di-gordes-1.jpg?resize=400%2C266&amp;ssl=1 400w, https:\/\/i0.wp.com\/dovevado.net\/wp-content\/uploads\/2018\/06\/la-piazza-di-gordes-1.jpg?resize=600%2C399&amp;ssl=1 600w, https:\/\/i0.wp.com\/dovevado.net\/wp-content\/uploads\/2018\/06\/la-piazza-di-gordes-1.jpg?resize=800%2C532&amp;ssl=1 800w, https:\/\/i0.wp.com\/dovevado.net\/wp-content\/uploads\/2018\/06\/la-piazza-di-gordes-1.jpg?w=1600&amp;ssl=1 1600w\" sizes=\"(max-width: 800px) 100vw, 800px\" \/><\/a><figcaption><\/figcaption><\/figure>\n\n<p><br\/>It has been the set of romantic films such as the latest &#8216;A Very Good Year&#8217; with Russell Crow.<\/p>\n\n<h2 class=\"wp-block-heading\"><span id=\"urn:local-text-annotation-kvhz5fgry4bmwxygxpiimtl1gku7bgxk\" class=\"textannotation wl-link disambiguated wl-place\">Senanque Abbey<\/span><\/h2>\n\n<p>A few kilometres from Gordes, climbing a narrow mountain road, you reach the <a href=\"http:\/\/dovevado.net\/en\/abbey-of-senanque-a-spectacle-in-provence\/\">abbey of Senanque<\/a> (READ THE ARTICLE) a jewel set in lavender.<br\/>Over the years, we have seen lavender plants planted and pruned because this fragrant medicinal herb has a life span of about 5-7 years.<\/p>\n\n<figure class=\"wp-block-image aligncenter\"><a href=\"https:\/\/i0.wp.com\/dovevado.net\/wp-content\/uploads\/2019\/01\/Abbazia-di-senanque.jpg\"><img data-recalc-dims=\"1\" loading=\"lazy\" decoding=\"async\" width=\"800\" height=\"600\" src=\"https:\/\/i0.wp.com\/dovevado.net\/wp-content\/uploads\/2019\/01\/Abbazia-di-senanque.jpg?resize=800%2C600\" alt=\"Abbey of Senanque\" class=\"wp-image-8312\" title=\"\" srcset=\"https:\/\/i0.wp.com\/dovevado.net\/wp-content\/uploads\/2019\/01\/Abbazia-di-senanque.jpg?resize=1200%2C900&amp;ssl=1 1200w, https:\/\/i0.wp.com\/dovevado.net\/wp-content\/uploads\/2019\/01\/Abbazia-di-senanque.jpg?resize=300%2C225&amp;ssl=1 300w, https:\/\/i0.wp.com\/dovevado.net\/wp-content\/uploads\/2019\/01\/Abbazia-di-senanque.jpg?resize=768%2C576&amp;ssl=1 768w, https:\/\/i0.wp.com\/dovevado.net\/wp-content\/uploads\/2019\/01\/Abbazia-di-senanque.jpg?resize=1024%2C768&amp;ssl=1 1024w, https:\/\/i0.wp.com\/dovevado.net\/wp-content\/uploads\/2019\/01\/Abbazia-di-senanque.jpg?resize=200%2C150&amp;ssl=1 200w, https:\/\/i0.wp.com\/dovevado.net\/wp-content\/uploads\/2019\/01\/Abbazia-di-senanque.jpg?resize=400%2C300&amp;ssl=1 400w, https:\/\/i0.wp.com\/dovevado.net\/wp-content\/uploads\/2019\/01\/Abbazia-di-senanque.jpg?resize=600%2C450&amp;ssl=1 600w, https:\/\/i0.wp.com\/dovevado.net\/wp-content\/uploads\/2019\/01\/Abbazia-di-senanque.jpg?resize=800%2C600&amp;ssl=1 800w, https:\/\/i0.wp.com\/dovevado.net\/wp-content\/uploads\/2019\/01\/Abbazia-di-senanque.jpg?w=2000&amp;ssl=1 2000w, https:\/\/i0.wp.com\/dovevado.net\/wp-content\/uploads\/2019\/01\/Abbazia-di-senanque.jpg?w=1600 1600w\" sizes=\"(max-width: 800px) 100vw, 800px\" \/><\/a><figcaption class=\"wp-element-caption\">Abbey of Senanque<\/figcaption><\/figure>\n\n<figure class=\"wp-block-image aligncenter\"><a href=\"https:\/\/i0.wp.com\/dovevado.net\/wp-content\/uploads\/2019\/01\/Lavanda-Senanque.jpg\"><img data-recalc-dims=\"1\" loading=\"lazy\" decoding=\"async\" width=\"800\" height=\"600\" src=\"https:\/\/i0.wp.com\/dovevado.net\/wp-content\/uploads\/2019\/01\/Lavanda-Senanque.jpg?resize=800%2C600\" alt=\"Senanque Lavender\" class=\"wp-image-8313\" title=\"\" srcset=\"https:\/\/i0.wp.com\/dovevado.net\/wp-content\/uploads\/2019\/01\/Lavanda-Senanque.jpg?resize=1200%2C900&amp;ssl=1 1200w, https:\/\/i0.wp.com\/dovevado.net\/wp-content\/uploads\/2019\/01\/Lavanda-Senanque.jpg?resize=300%2C225&amp;ssl=1 300w, https:\/\/i0.wp.com\/dovevado.net\/wp-content\/uploads\/2019\/01\/Lavanda-Senanque.jpg?resize=768%2C576&amp;ssl=1 768w, https:\/\/i0.wp.com\/dovevado.net\/wp-content\/uploads\/2019\/01\/Lavanda-Senanque.jpg?resize=1024%2C768&amp;ssl=1 1024w, https:\/\/i0.wp.com\/dovevado.net\/wp-content\/uploads\/2019\/01\/Lavanda-Senanque.jpg?resize=200%2C150&amp;ssl=1 200w, https:\/\/i0.wp.com\/dovevado.net\/wp-content\/uploads\/2019\/01\/Lavanda-Senanque.jpg?resize=400%2C300&amp;ssl=1 400w, https:\/\/i0.wp.com\/dovevado.net\/wp-content\/uploads\/2019\/01\/Lavanda-Senanque.jpg?resize=600%2C450&amp;ssl=1 600w, https:\/\/i0.wp.com\/dovevado.net\/wp-content\/uploads\/2019\/01\/Lavanda-Senanque.jpg?resize=800%2C600&amp;ssl=1 800w, https:\/\/i0.wp.com\/dovevado.net\/wp-content\/uploads\/2019\/01\/Lavanda-Senanque.jpg?w=2000&amp;ssl=1 2000w, https:\/\/i0.wp.com\/dovevado.net\/wp-content\/uploads\/2019\/01\/Lavanda-Senanque.jpg?w=1600 1600w\" sizes=\"(max-width: 800px) 100vw, 800px\" \/><\/a><figcaption class=\"wp-element-caption\">Senanque Lavender<\/figcaption><\/figure>\n\n<p>Breathe deeply the emotions of this wonderful place and leave again to reach the Valensole plateau, but before reaching our destination, another unique experience awaits us.<\/p>\n\n<h2 class=\"wp-block-heading\">Colorado Provence<\/h2>\n\n<p>The road to <strong>Valensole<\/strong> passes through the villages of <strong>Rustrel<\/strong> and <strong>Roussillon<\/strong> the Land of Ochre. This area based its economy on the sale of this pigment, which flourished until 1958, when the quarries were closed.<\/p>\n\n<p>We are inside what is known as the <a href=\"http:\/\/dovevado.net\/en\/colorado-provencal-roussillon-and-rustrel\/\">Colorado Proven\u00e7al<\/a> (READ THE ARTICLE), passing through evocative landscapes where we move from shades of bright yellow that turn to orange and ochre red to then explode in the green of the pine forest where you can immerse yourself by choosing one of the walkways.<br\/>One of the most striking is the Fairy Chimneys, rock formations similar to those found in Colorado and the more famous Cappadocia in Turkey.<\/p>\n\n<h2 class=\"wp-block-heading\">Valensole<\/h2>\n\n<p>We finally arrived on t<a href=\"http:\/\/dovevado.net\/valensole-e-la-fioritura-della-lavanda-in-provenza\/http:\/\/dovevado.net\/valensole-e-la-fioritura-della-lavanda-in-provenza\/\">he Valensole plateau (READ THE STORY)<\/a> and the sight is one that brings tears to your eyes.<\/p>\n\n<figure class=\"wp-block-image aligncenter\"><a href=\"https:\/\/i0.wp.com\/dovevado.net\/wp-content\/uploads\/2019\/01\/Valensole-lavanda.jpg\"><img data-recalc-dims=\"1\" loading=\"lazy\" decoding=\"async\" width=\"800\" height=\"600\" src=\"https:\/\/i0.wp.com\/dovevado.net\/wp-content\/uploads\/2019\/01\/Valensole-lavanda.jpg?resize=800%2C600\" alt=\"Lavender shelf\" class=\"wp-image-8315\" title=\"\" srcset=\"https:\/\/i0.wp.com\/dovevado.net\/wp-content\/uploads\/2019\/01\/Valensole-lavanda.jpg?resize=1200%2C900&amp;ssl=1 1200w, https:\/\/i0.wp.com\/dovevado.net\/wp-content\/uploads\/2019\/01\/Valensole-lavanda.jpg?resize=300%2C225&amp;ssl=1 300w, https:\/\/i0.wp.com\/dovevado.net\/wp-content\/uploads\/2019\/01\/Valensole-lavanda.jpg?resize=768%2C576&amp;ssl=1 768w, https:\/\/i0.wp.com\/dovevado.net\/wp-content\/uploads\/2019\/01\/Valensole-lavanda.jpg?resize=1024%2C768&amp;ssl=1 1024w, https:\/\/i0.wp.com\/dovevado.net\/wp-content\/uploads\/2019\/01\/Valensole-lavanda.jpg?resize=200%2C150&amp;ssl=1 200w, https:\/\/i0.wp.com\/dovevado.net\/wp-content\/uploads\/2019\/01\/Valensole-lavanda.jpg?resize=400%2C300&amp;ssl=1 400w, https:\/\/i0.wp.com\/dovevado.net\/wp-content\/uploads\/2019\/01\/Valensole-lavanda.jpg?resize=600%2C450&amp;ssl=1 600w, https:\/\/i0.wp.com\/dovevado.net\/wp-content\/uploads\/2019\/01\/Valensole-lavanda.jpg?resize=800%2C600&amp;ssl=1 800w, https:\/\/i0.wp.com\/dovevado.net\/wp-content\/uploads\/2019\/01\/Valensole-lavanda.jpg?w=2000&amp;ssl=1 2000w, https:\/\/i0.wp.com\/dovevado.net\/wp-content\/uploads\/2019\/01\/Valensole-lavanda.jpg?w=1600 1600w\" sizes=\"(max-width: 800px) 100vw, 800px\" \/><\/a><figcaption class=\"wp-element-caption\">Lavender shelf<\/figcaption><\/figure>\n\n<figure class=\"wp-block-image aligncenter\"><a href=\"https:\/\/i0.wp.com\/dovevado.net\/wp-content\/uploads\/2019\/01\/Fioritura-lavanda-valensole.jpg\"><img data-recalc-dims=\"1\" loading=\"lazy\" decoding=\"async\" width=\"800\" height=\"600\" src=\"https:\/\/i0.wp.com\/dovevado.net\/wp-content\/uploads\/2019\/01\/Fioritura-lavanda-valensole.jpg?resize=800%2C600\" alt=\"Flowering Lavender Valensole\" class=\"wp-image-8316\" title=\"\" srcset=\"https:\/\/i0.wp.com\/dovevado.net\/wp-content\/uploads\/2019\/01\/Fioritura-lavanda-valensole.jpg?resize=1200%2C900&amp;ssl=1 1200w, https:\/\/i0.wp.com\/dovevado.net\/wp-content\/uploads\/2019\/01\/Fioritura-lavanda-valensole.jpg?resize=300%2C225&amp;ssl=1 300w, https:\/\/i0.wp.com\/dovevado.net\/wp-content\/uploads\/2019\/01\/Fioritura-lavanda-valensole.jpg?resize=768%2C576&amp;ssl=1 768w, https:\/\/i0.wp.com\/dovevado.net\/wp-content\/uploads\/2019\/01\/Fioritura-lavanda-valensole.jpg?resize=1024%2C768&amp;ssl=1 1024w, https:\/\/i0.wp.com\/dovevado.net\/wp-content\/uploads\/2019\/01\/Fioritura-lavanda-valensole.jpg?resize=200%2C150&amp;ssl=1 200w, https:\/\/i0.wp.com\/dovevado.net\/wp-content\/uploads\/2019\/01\/Fioritura-lavanda-valensole.jpg?resize=400%2C300&amp;ssl=1 400w, https:\/\/i0.wp.com\/dovevado.net\/wp-content\/uploads\/2019\/01\/Fioritura-lavanda-valensole.jpg?resize=600%2C450&amp;ssl=1 600w, https:\/\/i0.wp.com\/dovevado.net\/wp-content\/uploads\/2019\/01\/Fioritura-lavanda-valensole.jpg?resize=800%2C600&amp;ssl=1 800w, https:\/\/i0.wp.com\/dovevado.net\/wp-content\/uploads\/2019\/01\/Fioritura-lavanda-valensole.jpg?w=2000&amp;ssl=1 2000w, https:\/\/i0.wp.com\/dovevado.net\/wp-content\/uploads\/2019\/01\/Fioritura-lavanda-valensole.jpg?w=1600 1600w\" sizes=\"(max-width: 800px) 100vw, 800px\" \/><\/a><figcaption class=\"wp-element-caption\">Flowering Lavender Valensole<\/figcaption><\/figure>\n\n<h2 class=\"wp-block-heading\">Gorge du Verdon<\/h2>\n\n<p>A few kilometres from Valensole, also in the Alpes de Haute-Provence department, is the <a href=\"http:\/\/dovevado.net\/en\/the-gorges-of-the-verdon\/\">Gorges du Verdon area (READ THE STORY)<\/a><\/p>\n\n<p>From Valensole one arrives at the lake of Santa Croce. not to be missed in Provence. An artificial lake with turquoise waters that will impress you with its location and colours.<\/p>\n\n<h3 class=\"wp-block-heading\">What to do in Provence<\/h3>\n\n<p>It is customary every time we go there to take a swim in the lake. The area is equipped for bathing and there are many canoe and paddleboat rentals to explore the gorges.<br\/>It is also an area where there are some campsites because ecotourism and sports tourism is highly developed.<\/p>\n\n<figure class=\"wp-block-image aligncenter\"><a href=\"https:\/\/i0.wp.com\/dovevado.net\/wp-content\/uploads\/2019\/01\/Gole-del-Verdon-Canyon.jpg\"><img data-recalc-dims=\"1\" loading=\"lazy\" decoding=\"async\" width=\"800\" height=\"600\" src=\"https:\/\/i0.wp.com\/dovevado.net\/wp-content\/uploads\/2019\/01\/Gole-del-Verdon-Canyon.jpg?resize=800%2C600\" alt=\"visit Provence Gorges du Verdon - Canyon\" class=\"wp-image-7723\" title=\"\" srcset=\"https:\/\/i0.wp.com\/dovevado.net\/wp-content\/uploads\/2019\/01\/Gole-del-Verdon-Canyon.jpg?resize=1200%2C900&amp;ssl=1 1200w, https:\/\/i0.wp.com\/dovevado.net\/wp-content\/uploads\/2019\/01\/Gole-del-Verdon-Canyon.jpg?resize=300%2C225&amp;ssl=1 300w, https:\/\/i0.wp.com\/dovevado.net\/wp-content\/uploads\/2019\/01\/Gole-del-Verdon-Canyon.jpg?resize=768%2C576&amp;ssl=1 768w, https:\/\/i0.wp.com\/dovevado.net\/wp-content\/uploads\/2019\/01\/Gole-del-Verdon-Canyon.jpg?resize=1024%2C768&amp;ssl=1 1024w, https:\/\/i0.wp.com\/dovevado.net\/wp-content\/uploads\/2019\/01\/Gole-del-Verdon-Canyon.jpg?resize=200%2C150&amp;ssl=1 200w, https:\/\/i0.wp.com\/dovevado.net\/wp-content\/uploads\/2019\/01\/Gole-del-Verdon-Canyon.jpg?resize=400%2C300&amp;ssl=1 400w, https:\/\/i0.wp.com\/dovevado.net\/wp-content\/uploads\/2019\/01\/Gole-del-Verdon-Canyon.jpg?resize=600%2C450&amp;ssl=1 600w, https:\/\/i0.wp.com\/dovevado.net\/wp-content\/uploads\/2019\/01\/Gole-del-Verdon-Canyon.jpg?resize=800%2C600&amp;ssl=1 800w, https:\/\/i0.wp.com\/dovevado.net\/wp-content\/uploads\/2019\/01\/Gole-del-Verdon-Canyon.jpg?w=1600&amp;ssl=1 1600w\" sizes=\"(max-width: 800px) 100vw, 800px\" \/><\/a><figcaption class=\"wp-element-caption\">Gole del Verdon &#8211; Canyon &#8211; Photo credit: <a href=\"https:\/\/www.flickr.com\/photos\/paolo_bertinetto\/796297037\/\" target=\"_blank\" rel=\"noopener\">Paolo Bertinetto<\/a> on <a href=\"https:\/\/visualhunt.com\" target=\"_blank\" rel=\"noopener\">VisualHunt.com<\/a> \/ <a href=\"http:\/\/creativecommons.org\/licenses\/by-sa\/2.0\/\" target=\"_blank\" rel=\"noopener\"> CC BY-SA<\/a><\/figcaption><\/figure>\n\n<p>The walls of the Verdon gorges are among the most important sites in France for sport climbing and canyoning and rafting are also highly developed.<br\/>We just stand in the cool waters of the lake.<\/p>\n\n<p>Among the places to visit in Provence, very characteristic to see is the village of <strong>Moustiers-Sainte-Marie<\/strong>, a splendid village perched between two imposing rocky cliffs. crossed by a lively mountain stream.<\/p>\n\n<figure class=\"wp-block-image aligncenter\"><a href=\"https:\/\/i0.wp.com\/dovevado.net\/wp-content\/uploads\/2019\/01\/Moustiers-Sainte-Marie.jpg\"><img data-recalc-dims=\"1\" loading=\"lazy\" decoding=\"async\" width=\"800\" height=\"533\" src=\"https:\/\/i0.wp.com\/dovevado.net\/wp-content\/uploads\/2019\/01\/Moustiers-Sainte-Marie.jpg?resize=800%2C533\" alt=\"Moustiers Sainte Marie\" class=\"wp-image-8320\" title=\"\" srcset=\"https:\/\/i0.wp.com\/dovevado.net\/wp-content\/uploads\/2019\/01\/Moustiers-Sainte-Marie.jpg?resize=1200%2C800&amp;ssl=1 1200w, https:\/\/i0.wp.com\/dovevado.net\/wp-content\/uploads\/2019\/01\/Moustiers-Sainte-Marie.jpg?resize=300%2C200&amp;ssl=1 300w, https:\/\/i0.wp.com\/dovevado.net\/wp-content\/uploads\/2019\/01\/Moustiers-Sainte-Marie.jpg?resize=768%2C512&amp;ssl=1 768w, https:\/\/i0.wp.com\/dovevado.net\/wp-content\/uploads\/2019\/01\/Moustiers-Sainte-Marie.jpg?resize=1024%2C682&amp;ssl=1 1024w, https:\/\/i0.wp.com\/dovevado.net\/wp-content\/uploads\/2019\/01\/Moustiers-Sainte-Marie.jpg?resize=200%2C133&amp;ssl=1 200w, https:\/\/i0.wp.com\/dovevado.net\/wp-content\/uploads\/2019\/01\/Moustiers-Sainte-Marie.jpg?resize=400%2C267&amp;ssl=1 400w, https:\/\/i0.wp.com\/dovevado.net\/wp-content\/uploads\/2019\/01\/Moustiers-Sainte-Marie.jpg?resize=600%2C400&amp;ssl=1 600w, https:\/\/i0.wp.com\/dovevado.net\/wp-content\/uploads\/2019\/01\/Moustiers-Sainte-Marie.jpg?resize=800%2C533&amp;ssl=1 800w, https:\/\/i0.wp.com\/dovevado.net\/wp-content\/uploads\/2019\/01\/Moustiers-Sainte-Marie.jpg?w=2000&amp;ssl=1 2000w, https:\/\/i0.wp.com\/dovevado.net\/wp-content\/uploads\/2019\/01\/Moustiers-Sainte-Marie.jpg?w=1600 1600w\" sizes=\"(max-width: 800px) 100vw, 800px\" \/><\/a><figcaption class=\"wp-element-caption\">Moustiers Sainte Marie<\/figcaption><\/figure>\n\n<p>In this village, you can breathe in a magical atmosphere as you wander through its small alleys and you can buy traditional fa\u00efences, the traditional glazed faience <\/p>\n\n<div style=\"height:50px\" aria-hidden=\"true\" class=\"wp-block-spacer\"><\/div>\n\n<hr class=\"wp-block-separator has-alpha-channel-opacity\"\/>\n\n<h2 class=\"wp-block-heading\" id=\"PROVENZA-4\">Provence to see Maritime Alps and C\u00f4te d&#8217;Azur<\/h2>\n\n<p>Provence is also the sea and unforgettable places for those who love the 1960s. In fact, this region also includes the C\u00f4te d&#8217;Azur area.<br\/>On the way back, on each of our Provence tours we choose a different destination on the C\u00f4te d&#8217;Azur.<br\/>Nice, Cannes, Antibes and Saint Tropez are the towns and villages we visited on the C\u00f4te d&#8217;Azur.<\/p>\n\n<p>One village that particularly impressed us, but is not by the sea, is Saint Paul de Vence, a small romantic hamlet where the likes of Matisse and Picasso made their place of tranquillity.<br\/>In Saint Paul, art takes centre stage.<\/p>\n\n<figure class=\"wp-block-image aligncenter\"><a href=\"https:\/\/i0.wp.com\/dovevado.net\/wp-content\/uploads\/2019\/01\/Saint-Paul-de-Vence.jpg\"><img data-recalc-dims=\"1\" loading=\"lazy\" decoding=\"async\" width=\"800\" height=\"534\" src=\"https:\/\/i0.wp.com\/dovevado.net\/wp-content\/uploads\/2019\/01\/Saint-Paul-de-Vence.jpg?resize=800%2C534\" alt=\"Saint Paul de Vence\" class=\"wp-image-8324\" title=\"\" srcset=\"https:\/\/i0.wp.com\/dovevado.net\/wp-content\/uploads\/2019\/01\/Saint-Paul-de-Vence.jpg?resize=1200%2C801&amp;ssl=1 1200w, https:\/\/i0.wp.com\/dovevado.net\/wp-content\/uploads\/2019\/01\/Saint-Paul-de-Vence.jpg?resize=300%2C200&amp;ssl=1 300w, https:\/\/i0.wp.com\/dovevado.net\/wp-content\/uploads\/2019\/01\/Saint-Paul-de-Vence.jpg?resize=768%2C513&amp;ssl=1 768w, https:\/\/i0.wp.com\/dovevado.net\/wp-content\/uploads\/2019\/01\/Saint-Paul-de-Vence.jpg?resize=1024%2C684&amp;ssl=1 1024w, https:\/\/i0.wp.com\/dovevado.net\/wp-content\/uploads\/2019\/01\/Saint-Paul-de-Vence.jpg?resize=200%2C134&amp;ssl=1 200w, https:\/\/i0.wp.com\/dovevado.net\/wp-content\/uploads\/2019\/01\/Saint-Paul-de-Vence.jpg?resize=400%2C267&amp;ssl=1 400w, https:\/\/i0.wp.com\/dovevado.net\/wp-content\/uploads\/2019\/01\/Saint-Paul-de-Vence.jpg?resize=600%2C401&amp;ssl=1 600w, https:\/\/i0.wp.com\/dovevado.net\/wp-content\/uploads\/2019\/01\/Saint-Paul-de-Vence.jpg?resize=800%2C534&amp;ssl=1 800w, https:\/\/i0.wp.com\/dovevado.net\/wp-content\/uploads\/2019\/01\/Saint-Paul-de-Vence.jpg?w=1441&amp;ssl=1 1441w\" sizes=\"(max-width: 800px) 100vw, 800px\" \/><\/a><figcaption class=\"wp-element-caption\">Saint Paul de Vence<\/figcaption><\/figure>\n\n<h2 class=\"wp-block-heading has-text-align-center\">Frequently Asked Questions about Provence<\/h2>\n\n<div class=\"wp-block-wpsp-faq wpsp-faq__outer-wrap wpsp-block-486d7481 wpsp-faq-icon-row wpsp-faq-layout-accordion wpsp-faq-expand-first-false wpsp-faq-inactive-other-true wpsp-faq-equal-height\" data-faqtoggle=\"true\" role=\"tablist\"><script type=\"application\/ld+json\">{\"@context\":\"https:\/\/schema.org\",\"@type\":\"FAQPage\",\"@id\":\"http:\/\/dovevado.net\/provenza-cosa-vedere-4-itinerari-da-non-perdere\/\",\"mainEntity\":[{\"@type\":\"Question\",\"name\":\"&lt;strong>Qual'\u00e8 il periodo migliore per visitare la Provenza?&lt;\/strong>\",\"acceptedAnswer\":{\"@type\":\"Answer\",\"text\":\"Il periodo migliore per un viaggio in Provenza va dal 10 giugno a tutto Agosto per godere a pieno dei colori e delle fioriture. Dalle ciliegie alla lavanda.\"}},{\"@type\":\"Question\",\"name\":\"&lt;strong>Quali sono i paesi della Provenza?&lt;\/strong>\",\"acceptedAnswer\":{\"@type\":\"Answer\",\"text\":\"Provenza Francia \u00e8 suddivisa in 6 dipartimenti:  Alpi dell'Alta provenza; Alte Alpi; Alpi marittime; Bocche del Rodano; Var; Voucluse e include anche il principato di Monaco.&lt;br>\u00c8 composta di paesi e borghi straordinari, ma le citt\u00e0 pi\u00f9 importanti sono Nizza, Cannes, Grasse, St. Tropez, Toulon, Arles, Aix en provence, Marsiglia, Avignone e Nimes\"}},{\"@type\":\"Question\",\"name\":\"&lt;strong>Quando vedere la lavanda?&lt;\/strong>\",\"acceptedAnswer\":{\"@type\":\"Answer\",\"text\":\"Il periodo migliore per vedere la lavanda va dalla met\u00e0 di giugno alla met\u00e0 di luglio. Il momento perfetto \u00e8 per la festa di San Giovanni il 23 di giugno quando vengono fatte molte manifestazioni legate alle tradizioni popolari e all'inizio del periodo di mietitura.\"}},{\"@type\":\"Question\",\"name\":\"&lt;strong>Quanto costa una vacanza in Provenza?&lt;\/strong>\",\"acceptedAnswer\":{\"@type\":\"Answer\",\"text\":\"La Provenza \u00e8 una regione che ha avuto negli ultimi anni uno sviluppo turistico enorme. &lt;br>Pu\u00f2 essere per tutte le tasche specialmente se si resta fuori dalle mete turistiche pi\u00f9 ambite, ma ricordate che ci sono luoghi come Saint Tropez, San Paul de Vence, Arles che sono abbastanza cari.&lt;br>Nei miei viaggi ho visto che ci sono anche molti campeggi. Io ho sempre alloggiato nelle dimore di &lt;a href=\\\"https:\/\/www.relaischateaux.com\/it\/\\\">Relais e Chateau&lt;\/a> o nei Relais du Silence, mediamente costosi ma aumentano senza dubbio il valore dell'esperienza di viaggio. I prezzi dei ristoranti sono in linea con quelli italiani.\"}}]}<\/script><div class=\"wpsp-faq__wrap wpsp-buttons-layout-wrap\">\n<div class=\"wp-block-wpsp-faq-child wpsp-faq-child__outer-wrap wpsp-block-43df443e\"><div class=\"wpsp-faq-child__wrapper\"><div class=\"wpsp-faq-item\" role=\"tab\" tabindex=\"0\"><div class=\"wpsp-faq-questions-button wpsp-faq-questions\"><span class=\"wpsp-icon wpsp-faq-icon-wrap\"><svg xmlns=\"http:\/\/www.w3.org\/2000\/svg\" viewbox=\"0 0 448 512\"><path d=\"M416 208H272V64c0-17.67-14.33-32-32-32h-32c-17.67 0-32 14.33-32 32v144H32c-17.67 0-32 14.33-32 32v32c0 17.67 14.33 32 32 32h144v144c0 17.67 14.33 32 32 32h32c17.67 0 32-14.33 32-32V304h144c17.67 0 32-14.33 32-32v-32c0-17.67-14.33-32-32-32z\"><\/path><\/svg><\/span><span class=\"wpsp-icon-active wpsp-faq-icon-wrap\"><svg xmlns=\"http:\/\/www.w3.org\/2000\/svg\" viewbox=\"0 0 448 512\"><path d=\"M416 208H32c-17.67 0-32 14.33-32 32v32c0 17.67 14.33 32 32 32h384c17.67 0 32-14.33 32-32v-32c0-17.67-14.33-32-32-32z\"><\/path><\/svg><\/span><span class=\"wpsp-question\"><strong>Qual&#8217;\u00e8 il periodo migliore per visitare la Provenza?<\/strong><\/span><\/div><div class=\"wpsp-faq-content\"><span><p>The best period for a trip to Provence is from 10 June to the end of August to fully enjoy the colours and blossoms. From cherries to lavender.<\/p><\/span><\/div><\/div><\/div><\/div>\n\n\n\n<div class=\"wp-block-wpsp-faq-child wpsp-faq-child__outer-wrap wpsp-block-484855c7\"><div class=\"wpsp-faq-child__wrapper\"><div class=\"wpsp-faq-item\" role=\"tab\" tabindex=\"0\"><div class=\"wpsp-faq-questions-button wpsp-faq-questions\"><span class=\"wpsp-icon wpsp-faq-icon-wrap\"><svg xmlns=\"http:\/\/www.w3.org\/2000\/svg\" viewbox=\"0 0 448 512\"><path d=\"M416 208H272V64c0-17.67-14.33-32-32-32h-32c-17.67 0-32 14.33-32 32v144H32c-17.67 0-32 14.33-32 32v32c0 17.67 14.33 32 32 32h144v144c0 17.67 14.33 32 32 32h32c17.67 0 32-14.33 32-32V304h144c17.67 0 32-14.33 32-32v-32c0-17.67-14.33-32-32-32z\"><\/path><\/svg><\/span><span class=\"wpsp-icon-active wpsp-faq-icon-wrap\"><svg xmlns=\"http:\/\/www.w3.org\/2000\/svg\" viewbox=\"0 0 448 512\"><path d=\"M416 208H32c-17.67 0-32 14.33-32 32v32c0 17.67 14.33 32 32 32h384c17.67 0 32-14.33 32-32v-32c0-17.67-14.33-32-32-32z\"><\/path><\/svg><\/span><span class=\"wpsp-question\"><strong>Quali sono i paesi della Provenza?<\/strong><\/span><\/div><div class=\"wpsp-faq-content\"><span><p>Provence France is divided into 6 departments: Alpes de Haute-Provence; Haute-Alpes; Alpes-Maritimes; Bouches du Rh\u00f4ne; Var; Voucluse and also includes the principality of Monaco.<br\/>It is made up of extraordinary towns and villages, but the most important cities are Nice, Cannes, Grasse, St. Tropez, Toulon, Arles, Aix en Provence, Marseille, Avignon and Nimes<\/p><\/span><\/div><\/div><\/div><\/div>\n\n\n\n<div class=\"wp-block-wpsp-faq-child wpsp-faq-child__outer-wrap wpsp-block-0fb84132\"><div class=\"wpsp-faq-child__wrapper\"><div class=\"wpsp-faq-item\" role=\"tab\" tabindex=\"0\"><div class=\"wpsp-faq-questions-button wpsp-faq-questions\"><span class=\"wpsp-icon wpsp-faq-icon-wrap\"><svg xmlns=\"http:\/\/www.w3.org\/2000\/svg\" viewbox=\"0 0 448 512\"><path d=\"M416 208H272V64c0-17.67-14.33-32-32-32h-32c-17.67 0-32 14.33-32 32v144H32c-17.67 0-32 14.33-32 32v32c0 17.67 14.33 32 32 32h144v144c0 17.67 14.33 32 32 32h32c17.67 0 32-14.33 32-32V304h144c17.67 0 32-14.33 32-32v-32c0-17.67-14.33-32-32-32z\"><\/path><\/svg><\/span><span class=\"wpsp-icon-active wpsp-faq-icon-wrap\"><svg xmlns=\"http:\/\/www.w3.org\/2000\/svg\" viewbox=\"0 0 448 512\"><path d=\"M416 208H32c-17.67 0-32 14.33-32 32v32c0 17.67 14.33 32 32 32h384c17.67 0 32-14.33 32-32v-32c0-17.67-14.33-32-32-32z\"><\/path><\/svg><\/span><span class=\"wpsp-question\"><strong>Quando vedere la lavanda?<\/strong><\/span><\/div><div class=\"wpsp-faq-content\"><span><p>The best time to see lavender is from mid-June to mid-July. The perfect time is for the feast of St John on the 23rd of June when many events related to popular traditions and the beginning of the harvest period take place.<\/p><\/span><\/div><\/div><\/div><\/div>\n\n\n\n<div class=\"wp-block-wpsp-faq-child wpsp-faq-child__outer-wrap wpsp-block-d733683f\"><div class=\"wpsp-faq-child__wrapper\"><div class=\"wpsp-faq-item\" role=\"tab\" tabindex=\"0\"><div class=\"wpsp-faq-questions-button wpsp-faq-questions\"><span class=\"wpsp-icon wpsp-faq-icon-wrap\"><svg xmlns=\"http:\/\/www.w3.org\/2000\/svg\" viewbox=\"0 0 448 512\"><path d=\"M416 208H272V64c0-17.67-14.33-32-32-32h-32c-17.67 0-32 14.33-32 32v144H32c-17.67 0-32 14.33-32 32v32c0 17.67 14.33 32 32 32h144v144c0 17.67 14.33 32 32 32h32c17.67 0 32-14.33 32-32V304h144c17.67 0 32-14.33 32-32v-32c0-17.67-14.33-32-32-32z\"><\/path><\/svg><\/span><span class=\"wpsp-icon-active wpsp-faq-icon-wrap\"><svg xmlns=\"http:\/\/www.w3.org\/2000\/svg\" viewbox=\"0 0 448 512\"><path d=\"M416 208H32c-17.67 0-32 14.33-32 32v32c0 17.67 14.33 32 32 32h384c17.67 0 32-14.33 32-32v-32c0-17.67-14.33-32-32-32z\"><\/path><\/svg><\/span><span class=\"wpsp-question\"><strong>Quanto costa una vacanza in Provenza?<\/strong><\/span><\/div><div class=\"wpsp-faq-content\"><span><p>Provence is a region that has had an enormous tourist development in recent years. <br\/>It can be for all budgets especially if you stay away from the most popular tourist destinations, but remember that there are places like Saint Tropez, St Paul de Vence, Arles that are quite expensive.<br\/>In my travels I have seen that there are also many campsites. I have always stayed in <a href=\"https:\/\/www.relaischateaux.com\/it\/\" target=\"_blank\" rel=\"noopener\">Relais e Chateau<\/a> mansions or Relais du Silence, which are on average expensive but undoubtedly increase the value of the travel experience. Restaurant prices are in line with Italian prices.<\/p><\/span><\/div><\/div><\/div><\/div>\n<\/div><\/div>\n\n<figure class=\"wp-block-image aligncenter\"><img data-recalc-dims=\"1\" height=\"1024\" width=\"576\" decoding=\"async\" src=\"https:\/\/i0.wp.com\/dovevado.net\/wp-content\/uploads\/2019\/01\/Provenza-niente-di-piu%CC%80-romantico.jpg?resize=576%2C1024\" alt=\"trip to provence what to see\" class=\"wp-image-7784\" title=\"\"><figcaption><\/figcaption><\/figure>\n","protected":false},"excerpt":{"rendered":"<p>Provence what to see was the question I asked myself when I made my first trip to Provence in 2003. Since then, this destination rich in history, art and romance has been the focus of my summer holidays for several years. One of the French regions most similar to my Tuscany and with a similar [&hellip;]<\/p>\n","protected":false},"author":2,"featured_media":12983,"comment_status":"open","ping_status":"open","sticky":false,"template":"","format":"standard","meta":{"_acf_changed":false,"_jetpack_memberships_contains_paid_content":false,"footnotes":"","jetpack_publicize_message":"","jetpack_publicize_feature_enabled":true,"jetpack_social_post_already_shared":false,"jetpack_social_options":{"image_generator_settings":{"template":"highway","default_image_id":0,"font":"","enabled":false},"version":2}},"categories":[638],"tags":[1071,1055,1080,1066,1067,1088,1064,1069,1117,1054,1052,1107,1057,1077,1086],"class_list":["post-14468","post","type-post","status-publish","format-standard","has-post-thumbnail","hentry","category-provence","tag-art","tag-august","tag-countryside","tag-couple","tag-eco-travel-en","tag-europe","tag-family","tag-friends-en","tag-history","tag-july-en","tag-june","tag-on-the-road-en","tag-summer-en","tag-villages","tag-woman"],"acf":[],"jetpack_publicize_connections":[],"jetpack_featured_media_url":"https:\/\/i0.wp.com\/dovevado.net\/wp-content\/uploads\/2019\/01\/Provenza.jpg?fit=1600%2C1067&ssl=1","jetpack_sharing_enabled":true,"_links":{"self":[{"href":"https:\/\/dovevado.net\/en\/wp-json\/wp\/v2\/posts\/14468","targetHints":{"allow":["GET"]}}],"collection":[{"href":"https:\/\/dovevado.net\/en\/wp-json\/wp\/v2\/posts"}],"about":[{"href":"https:\/\/dovevado.net\/en\/wp-json\/wp\/v2\/types\/post"}],"author":[{"embeddable":true,"href":"https:\/\/dovevado.net\/en\/wp-json\/wp\/v2\/users\/2"}],"replies":[{"embeddable":true,"href":"https:\/\/dovevado.net\/en\/wp-json\/wp\/v2\/comments?post=14468"}],"version-history":[{"count":0,"href":"https:\/\/dovevado.net\/en\/wp-json\/wp\/v2\/posts\/14468\/revisions"}],"wp:featuredmedia":[{"embeddable":true,"href":"https:\/\/dovevado.net\/en\/wp-json\/wp\/v2\/media\/12983"}],"wp:attachment":[{"href":"https:\/\/dovevado.net\/en\/wp-json\/wp\/v2\/media?parent=14468"}],"wp:term":[{"taxonomy":"category","embeddable":true,"href":"https:\/\/dovevado.net\/en\/wp-json\/wp\/v2\/categories?post=14468"},{"taxonomy":"post_tag","embeddable":true,"href":"https:\/\/dovevado.net\/en\/wp-json\/wp\/v2\/tags?post=14468"}],"curies":[{"name":"wp","href":"https:\/\/api.w.org\/{rel}","templated":true}]}}