{"id":14689,"date":"2018-11-14T16:06:45","date_gmt":"2018-11-14T15:06:45","guid":{"rendered":"http:\/\/dovevado.net\/islanda-informazioni-e-guida-di-viaggio\/"},"modified":"2020-09-08T11:29:23","modified_gmt":"2020-09-08T09:29:23","slug":"islanda-informazioni-e-guida-di-viaggio","status":"publish","type":"post","link":"https:\/\/dovevado.net\/en\/islanda-informazioni-e-guida-di-viaggio\/","title":{"rendered":"Islanda, <br>informazioni e guida di viaggio"},"content":{"rendered":"\n<p class=\"intro_testo\">Dopo aver studiato molto per il viaggio in Islanda, ho raccolto una serie di suggerimenti di Nicola Fiorentini che ha fatto il suo tour nel mese di Agosto per permettervi di replicarlo se volete o prendere spunti per crearne un vostro senza sorprese.<\/p>\n\n\n\n<hr class=\"wp-block-separator\"\/>\n\n\n\n<h2 class=\"has-text-align-center wp-block-heading\">Viaggio in <span id=\"urn:local-text-annotation-c15r6s3lols6xb5foh61jyfv57sern7f\" class=\"textannotation disambiguated wl-organization\" itemid=\"http:\/\/data.wordlift.io\/wl0750\/entity\/islanda\">Islanda<\/span><\/h2>\n\n\n\n<p>L&#8217;<span id=\"urn:local-text-annotation-vt314qj4f6gie6cwsc74pv8zn6e3qw6k\" class=\"textannotation disambiguated wl-organization\" itemid=\"http:\/\/data.wordlift.io\/wl0750\/entity\/islanda\">Islanda<\/span>&nbsp;\u00e8 diventata in questi ultimi anni una delle mete naturalistiche pi\u00f9 ambite e affascinanti.<br>\nVi troverete di fronte a una terra affascinante dal punto di vista naturalistico e ambientale col la sua straordinaria variet\u00e0 di bellezze: zone termali incredibili, possenti geyser, affioramenti geologici, montagne a picco sul mare, cascate, laghi e fiumi incontaminati, vaste aree coperte da lava, animali selvatici ovunque, ma soprattutto tanto ghiaccio.<\/p>\n\n\n\n<blockquote class=\"wp-block-quote intermezzoPiccolo is-layout-flow wp-block-quote-is-layout-flow\"><p>Per chi vuole affrontare un viaggio nella terra del ghiaccio e del fuoco, tre sono le certezze: \u00c8&nbsp;molto bella, \u00e8 molto fredda ed \u00e8 molto (ma davvero molto) cara.<\/p><\/blockquote>\n\n\n\n<h2 class=\"has-text-align-center wp-block-heading\">Islanda dove si trova<\/h2>\n\n\n\n<iframe src=\"https:\/\/www.google.com\/maps\/embed?pb=!1m18!1m12!1m3!1d14206539.23694899!2d-38.163559500887104!3d64.23662185860005!2m3!1f0!2f0!3f0!3m2!1i1024!2i768!4f13.1!3m3!1m2!1s0x48d22b52a3eb6043%3A0x6f8a0434e5c1459a!2sIslanda!5e0!3m2!1sit!2sit!4v1542132408508\" width=\"600\" height=\"450\" frameborder=\"0\" style=\"border:0\" allowfullscreen><\/iframe>\n\n\n\n<p>L&#8217;<span id=\"urn:local-text-annotation-0h4zrozz2vatlgk2kwwfys176ydnol6k\" class=\"textannotation disambiguated wl-organization\" itemid=\"http:\/\/data.wordlift.io\/wl0750\/entity\/islanda\">Islanda<\/span>&nbsp;\u00e8 la seconda isola pi\u00f9 grande d&#8217;Europa<span>&nbsp;e diciassettesima del mondo per estensione con i suoi 103 mila chilometri quadrati. Si trova tra la Gran Bretagna e la Groenlandia ed \u00e8 riconosciuta come uno dei pi\u00f9 bei paesaggi naturali del mondo.&nbsp;<\/span><\/p>\n\n\n\n<hr class=\"wp-block-separator\"\/>\n\n\n\n<h2 class=\"has-text-align-center wp-block-heading\">Islanda&nbsp;Cartina<\/h2>\n\n\n\n<iframe src=\"https:\/\/www.google.com\/maps\/embed?pb=!1m18!1m12!1m3!1d1489720.8553623676!2d-19.830956736500262!3d64.75282418185714!2m3!1f0!2f0!3f0!3m2!1i1024!2i768!4f13.1!3m3!1m2!1s0x48d22b52a3eb6043%3A0x6f8a0434e5c1459a!2sIslanda!5e1!3m2!1sit!2sit!4v1542132918352\" width=\"600\" height=\"450\" frameborder=\"0\" style=\"border:0\" allowfullscreen><\/iframe>\n\n\n\n<p><span>Il paesaggio islandese \u00e8 molto variegato, montagne sopra i 2000 metri, laghi che superano gli 83 chilometri quadrati e un fiume, il Thj\u00f2rs\u00e0 lungo 230&nbsp;km. Ha uno dei ghiacciai pi\u00f9 estesi, il Vatnajokull, con i suoi 8.300&nbsp;km\u00b2 e cascate che superano i 190 metri di altezza.&nbsp;<\/span>La popolazione islandese si concentra sulle coste e circa un sesto del totale vive a Reykjavic.<br>\nLa strada principale \u00e8 la Ring Road che percorre una circonferenza di oltre 1300 km intorno all&#8217;isola.<\/p>\n\n\n\n<hr class=\"wp-block-separator\"\/>\n\n\n\n<h2 class=\"has-text-align-center wp-block-heading\">Capitale Islanda<\/h2>\n\n\n\n<p>La capitale islandese \u00e8 <a href=\"\/?p=5550\">Reykjavik<\/a>&nbsp;e nonostante superi i 100 mila abitanti si presenta come un grande paese, nessun grattacielo, case basse e il centro \u00e8 uno spazio dove passeggiare tranquillamente e potersi sorseggiare un caff\u00e8 con lo splendido sfondo sia del mare che delle montagne. Al nostro arrivo la pioggia era abbastanza fitta, ma appena arrivati in citt\u00e0 magicamente si \u00e8 interrotta per permetterci di visitare le viuzze del centro.<\/p>\n\n\n\n<p>Gli unici edifici che si stagliano nello skyline (inesistente) sono la&nbsp;<strong>Cattedrale&nbsp;<\/strong><strong><em><span id=\"urn:local-text-annotation-rjylv8mol7c4uod1pp61952jwtia8pyp\" class=\"textannotation disambiguated wl-place\" itemid=\"http:\/\/data.wordlift.io\/wl0750\/entity\/hallgrimskirkja\">Hallgr\u00edmskirkja<\/span><\/em><\/strong>&nbsp;e la&nbsp;<em><strong>Sala Concerti Harpa<\/strong>, <\/em>non a caso le uniche attrazioni turistiche della citt\u00e0.<\/p>\n\n\n\n<p>La chiesa <span id=\"urn:local-text-annotation-hn655ob3eftca3f1i97mybt899b1f794\" class=\"textannotation disambiguated wl-place\" itemid=\"http:\/\/data.wordlift.io\/wl0750\/entity\/hallgrimskirkja\">Hallgrimskirkja<\/span> in struttura di calcestruzzo \u00e8 il simbolo di Reykjavic, l&#8217;esterno \u00e8 di forte impatto, mentre l&#8217;interno \u00e8 spoglio e senza accenti. Dal campanile si gode di un panorama molto bello sulla citt\u00e0.<\/p>\n\n\n\n<p>A pochi passi dalla cattedrale la Sala Concerti Harpa un magnifico edificio non ancora terminato a causa della crisi economica.<\/p>\n\n\n\n<div class=\"wp-block-image\"><figure class=\"aligncenter\"><a href=\"https:\/\/i0.wp.com\/dovevado.net\/wp-content\/uploads\/2018\/09\/Sala-concerti-Harpa-Reykjavik-Islanda.jpeg\"><img data-recalc-dims=\"1\" fetchpriority=\"high\" decoding=\"async\" width=\"800\" height=\"600\" src=\"https:\/\/i0.wp.com\/dovevado.net\/wp-content\/uploads\/2018\/09\/Sala-concerti-Harpa-Reykjavik-Islanda.jpeg?resize=800%2C600\" alt=\"Sala concerti Harpa - Reykjavik - Islanda\" class=\"wp-image-5698\" title=\"\" srcset=\"https:\/\/i0.wp.com\/dovevado.net\/wp-content\/uploads\/2018\/09\/Sala-concerti-Harpa-Reykjavik-Islanda.jpeg?resize=1200%2C900&amp;ssl=1 1200w, https:\/\/i0.wp.com\/dovevado.net\/wp-content\/uploads\/2018\/09\/Sala-concerti-Harpa-Reykjavik-Islanda.jpeg?resize=300%2C225&amp;ssl=1 300w, https:\/\/i0.wp.com\/dovevado.net\/wp-content\/uploads\/2018\/09\/Sala-concerti-Harpa-Reykjavik-Islanda.jpeg?resize=768%2C576&amp;ssl=1 768w, https:\/\/i0.wp.com\/dovevado.net\/wp-content\/uploads\/2018\/09\/Sala-concerti-Harpa-Reykjavik-Islanda.jpeg?resize=1024%2C768&amp;ssl=1 1024w, https:\/\/i0.wp.com\/dovevado.net\/wp-content\/uploads\/2018\/09\/Sala-concerti-Harpa-Reykjavik-Islanda.jpeg?resize=200%2C150&amp;ssl=1 200w, https:\/\/i0.wp.com\/dovevado.net\/wp-content\/uploads\/2018\/09\/Sala-concerti-Harpa-Reykjavik-Islanda.jpeg?resize=400%2C300&amp;ssl=1 400w, https:\/\/i0.wp.com\/dovevado.net\/wp-content\/uploads\/2018\/09\/Sala-concerti-Harpa-Reykjavik-Islanda.jpeg?resize=600%2C450&amp;ssl=1 600w, https:\/\/i0.wp.com\/dovevado.net\/wp-content\/uploads\/2018\/09\/Sala-concerti-Harpa-Reykjavik-Islanda.jpeg?resize=800%2C600&amp;ssl=1 800w, https:\/\/i0.wp.com\/dovevado.net\/wp-content\/uploads\/2018\/09\/Sala-concerti-Harpa-Reykjavik-Islanda.jpeg?w=2048&amp;ssl=1 2048w, https:\/\/i0.wp.com\/dovevado.net\/wp-content\/uploads\/2018\/09\/Sala-concerti-Harpa-Reykjavik-Islanda.jpeg?w=1600 1600w\" sizes=\"(max-width: 800px) 100vw, 800px\" \/><\/a><figcaption>Sala concerti Harpa &#8211; Reykjavik &#8211; Islanda<\/figcaption><\/figure><\/div>\n\n\n\n<p><strong>Reykjavic<\/strong> offre molte opportunit\u00e0 per i viaggiatori: si pu\u00f2 fare un tuffo nella&nbsp;spiaggia geotermica di <strong>Nautholsv\u00eck<\/strong>&nbsp;o nella&nbsp;piscina geotermica di <strong>Laugadrdalur, <\/strong>ma il passatempo preferito nei fine settimana \u00e8 il&nbsp;<strong>Rundtur<\/strong>, il giro dei bar e birrerie che si protrae fino a notte inoltrata.<\/p>\n\n\n\n<p>Poco lontano dalla citt\u00e0, si trova la <strong>laguna Blu<\/strong>, la pi\u00f9 riconosciuta delle mete islandesi, una zona geotermica dove \u00e8 possibile immergersi nelle sue acque calde.<\/p>\n\n\n\n<div class=\"wp-block-image\"><figure class=\"aligncenter\"><a href=\"https:\/\/i0.wp.com\/dovevado.net\/wp-content\/uploads\/2018\/11\/blu-Lagoon-iceland.jpg\"><img data-recalc-dims=\"1\" decoding=\"async\" width=\"800\" height=\"533\" src=\"https:\/\/i0.wp.com\/dovevado.net\/wp-content\/uploads\/2018\/11\/blu-Lagoon-iceland.jpg?resize=800%2C533\" alt=\"blue Lagoon iceland\" class=\"wp-image-7164\" title=\"\" srcset=\"https:\/\/i0.wp.com\/dovevado.net\/wp-content\/uploads\/2018\/11\/blu-Lagoon-iceland.jpg?resize=1200%2C800&amp;ssl=1 1200w, https:\/\/i0.wp.com\/dovevado.net\/wp-content\/uploads\/2018\/11\/blu-Lagoon-iceland.jpg?resize=300%2C200&amp;ssl=1 300w, https:\/\/i0.wp.com\/dovevado.net\/wp-content\/uploads\/2018\/11\/blu-Lagoon-iceland.jpg?resize=768%2C512&amp;ssl=1 768w, https:\/\/i0.wp.com\/dovevado.net\/wp-content\/uploads\/2018\/11\/blu-Lagoon-iceland.jpg?resize=1024%2C683&amp;ssl=1 1024w, https:\/\/i0.wp.com\/dovevado.net\/wp-content\/uploads\/2018\/11\/blu-Lagoon-iceland.jpg?resize=200%2C133&amp;ssl=1 200w, https:\/\/i0.wp.com\/dovevado.net\/wp-content\/uploads\/2018\/11\/blu-Lagoon-iceland.jpg?resize=400%2C267&amp;ssl=1 400w, https:\/\/i0.wp.com\/dovevado.net\/wp-content\/uploads\/2018\/11\/blu-Lagoon-iceland.jpg?resize=600%2C400&amp;ssl=1 600w, https:\/\/i0.wp.com\/dovevado.net\/wp-content\/uploads\/2018\/11\/blu-Lagoon-iceland.jpg?resize=800%2C534&amp;ssl=1 800w, https:\/\/i0.wp.com\/dovevado.net\/wp-content\/uploads\/2018\/11\/blu-Lagoon-iceland.jpg?w=1600&amp;ssl=1 1600w\" sizes=\"(max-width: 800px) 100vw, 800px\" \/><\/a><figcaption>blue Lagoon iceland<\/figcaption><\/figure><\/div>\n\n\n\n<hr class=\"wp-block-separator\"\/>\n\n\n\n<h2 class=\"has-text-align-center wp-block-heading\">Islanda quando andare<\/h2>\n\n\n\n<p>Il periodo per visitare l&#8217;<span id=\"urn:local-text-annotation-hnrqpr13mtl5yvkld78dzs7yfwsokmjf\" class=\"textannotation disambiguated wl-organization\" itemid=\"http:\/\/data.wordlift.io\/wl0750\/entity\/islanda\">Islanda<\/span> deve assolutamente tener conto delle condizioni meteo. Gi\u00e0 per definizione, &#8220;La terra dei ghiacci&#8221; ci ha fatto riflettere per l&#8217;organizzazione del nostro viaggio optando per il mese di agosto quando la temperatura media \u00e8 di circa 10 gradi centigradi e si hanno 18 ore di luce.<\/p>\n\n\n\n<p>Gi\u00e0, anche le ore di sole sono importanti: circa 20 ore nel mese di giugno e 4 ore nel mese di gennaio.<br>\nLe temperature sono fredde ma non eccessivamente basse grazie alla geotermia della regione e anche alle correnti atlantiche che lambiscono le coste.<\/p>\n\n\n\n<p>I mesi che vanno da giugno ad agosto sono comunque i pi\u00f9 miti anche se ci si pu\u00f2 imbattere in nevicate improvvise, mentre se si \u00e8 amanti dei paesaggi invernali si possono scegliere i mesi da novembre a febbraio.<\/p>\n\n\n\n<h2 class=\"has-text-align-center wp-block-heading\">Iceland consigli pratici<\/h2>\n\n\n\n<p>Per preparare nel migliore dei modi il vostro viaggio in Iceland, terra del ghiaccio e del fuoco suggeriamo alcuni consigli per evitare sorprese e sopravvivere a questa straordinaria terra.<\/p>\n\n\n\n<p><span>Per recarsi in Islanda, \u00e8 necessaria solo la&nbsp;<\/span><strong>carta d&#8217;identit\u00e0<\/strong><span>&nbsp;valida per l&#8217;espatrio (per soggiorni fino e non oltre i tre mesi).<br>\nNon ci sono problemi di sicurezza sull&#8217;isola quindi si pu\u00f2 stare relativamente tranquilli anche se ci si trova a passeggiar edi sera.<\/span><\/p>\n\n\n\n<p>Il fuso orario di Islanda \u00e8 quello di Greenwich per tutto l&#8217;anno, per cui quando in Italia vige l&#8217;ora legale vanno spostate indietro le lancette di 2 ore.<\/p>\n\n\n\n<p>La lingua ufficiale \u00e8 l&#8217;islandese, ma l&#8217;inglese \u00e8 parlato da tutti.<\/p>\n\n\n\n<h4 class=\"wp-block-heading\">Come vestirsi in Islanda<\/h4>\n\n\n\n<p><strong>In Estate<\/strong> un paio di pantaloni tecnici, una maglia termica, un pile e una giacca impermeabile con cappuccio \u00e8 tutto quello che vi serve.<br>\nNelle giornate di pioggia o visitando le cascate pi\u00f9 vigorose, aggiungerei al bagaglio dei sovrapantaloni impermeabili. Lasciate perdere l&#8217;ombrello, il vento ve lo strapper\u00e0 via in men che non si dica.<\/p>\n\n\n\n<p><strong>In Inverno<\/strong>, le basse temperature in <strong>Iceland<\/strong> richiedono pantaloni pi\u00f9 pesanti e un piumino o giacca adatti. Guanti e berretto sono accessori che non dovete dimenticare.<\/p>\n\n\n\n<p>In Islanda il tempo cambia repentinamente in tutte le stagioni ogni 20 minuti, quindi suggeriamo di vestirvi a cipolla per evitare colpi di freddo, ma soprattutto per la differenza di temperatura tra interni ed esterni. Abbandonate l&#8217;idea di scarpe eleganti o con il tacco in favore di scarpe comode e soprattutto waterproof.<\/p>\n\n\n\n<h4 class=\"wp-block-heading\">Dove dormire<\/h4>\n\n\n\n<p>Pochi sono gli alberghi in&nbsp;Islanda e soprattutto molto cari. Le strutture pi\u00f9 comuni sono fattorie e guesthouse&nbsp;presenti in ogni luogo, anche nei pi\u00f9 remoti prenotabili utilizzando Airbnb&nbsp;o&nbsp;Booking.com.<br>\nQuasi tutte le strutture mettono a disposizione una&nbsp;cucina comune&nbsp;e se offrono la colazione il costo \u00e8 sempre sopra i 10 euro.<\/p>\n\n\n\n<h4 class=\"wp-block-heading\">Dove mangiare in Islanda<\/h4>\n\n\n\n<p>I prezzi alti spingono a fare a volte scelte inusuali. Fare la spesa nei supermercati e preparare la colazione e i panini per il pranzo nella struttura dove risiedete \u00e8 la normalit\u00e0. Una delle catene di supermercati pi\u00f9 economiche \u00e8 <a href=\"https:\/\/bonus.is\/\" target=\"_blank\" rel=\"noopener\">Bonus<\/a>&nbsp;sulla cui insegna c&#8217;\u00e8 un maialino rosa.<br>\nConsiglio di mettere in valigia qualche scatola di spaghetti e qualche sugo pronto.&nbsp;Non sentitevi poveri, eviterete di esserlo davvero al vostro ritorno.<\/p>\n\n\n\n<p>Nei ristoranti le pizze partono dai 15 euro,&nbsp;un hamburger con patatine ne pu\u00f2 costare anche 25&nbsp;e una bottiglia di vino costa almeno 40&nbsp;euro.<\/p>\n\n\n\n<h3 class=\"has-text-align-center wp-block-heading\">Piatti tipici islandesi<\/h3>\n\n\n\n<div class=\"accordion-group\">\n<div id=\"caffe\" class=\"accordion-body in collapse\">\n<p>Partiamo dal <strong>Caff\u00e9 islandese<\/strong>: Anche se noi italiani ci crediamo bevitori seriali di caff\u00e9, nente paragonandoci agli islandesi dove \u00e8 la bevanda nazionale portando questa nazione al terzo posto al mondo per consumo di caff\u00e9 (italia al 13\u00b0 posto)<\/p>\n<p>Il <strong>Flatkokur<\/strong> \u00e8 un pane abbrustolito alla griglia da accompagnare ad altre pietanze; <strong>Laufabrau<\/strong>, pane fritto intagliato a mano tipico della tradizione natalizia preparato con farina integrale e di segale.<br>\n<strong>Hangikjot<\/strong>, agnello salato e messo in salamoia e successivamente affumicato a freddo, piatto tipico del periodo natalizio.<\/p>\n<p><strong>Skyri<\/strong>, una bevanda simile allo yogurt.<\/p>\n<p>Il <strong>Brenivin<\/strong>, tra i pi\u00f9 famosi distillati islandesi che consiste in grappa chiara non addolcita che si ottiene dalla distillazione di cereali e patate con l&#8217;aggiunta di cumino.<\/p>\n<hr>\n<\/div>\n<\/div>\n\n\n\n<h2 class=\"has-text-align-center wp-block-heading\">Islanda in auto<\/h2>\n\n\n\n<p>Il mezzo ideale per spostarsi in <span id=\"urn:local-text-annotation-tyeo63j9ltnrl718na954gazao3a3qfr\" class=\"textannotation disambiguated wl-organization\" itemid=\"http:\/\/data.wordlift.io\/wl0750\/entity\/islanda\">Islanda<\/span> \u00e8 l&#8217;auto. Le citt\u00e0 sono &#8220;a misura di macchina&#8221;. Non esistono aree pedonali e ci sono molti parcheggi e le multe vengono fatte con parsimonia.<br>\nI limiti di velocit\u00e0 sono: 50 km\/h in citt\u00e0, 90 km\/h sulle principali strade asfaltate e 80 km\/h sulle strade secondarie non asfaltate (con ghiaia). Le cinture sono obbligatorie per tutti i passeggeri, e le regole fondamentali sono le stesse che abbiamo in Italia. Anche se il freddo vi spinge a bere un bicchiere di troppo, ricordate che il tasso alcolico consentito \u00e8 di 0,05% e c&#8217;\u00e8 molta severit\u00e0 sull&#8217;argomento, quindi \u00e8 saggio non bere alcun tipo di alcolico prima di mettersi alla guida.<\/p>\n\n\n\n<h4 class=\"wp-block-heading\">La strada pi\u00f9 famosa d&#8217;Islanda<\/h4>\n\n\n\n<p>Si chiama <strong>Hringvegur<\/strong>&nbsp;(o&nbsp;Ring road) \u00e8 un anello stradale gira intormno a tutta l&#8217;isola per ben 1.339 km toccando le principali citt\u00e0.<\/p>\n\n\n\n<p>Prima di mettervi in viaggio da una citt\u00e0 all&#8217;altra \u00e8 sempre consigliabile informarsi sulle condizioni stradali e meteorologiche consultate il sito&nbsp;<a href=\"http:\/\/vegagerdin.is\" target=\"_blank\" rel=\"noopener\">vegagerdin.is<\/a>. o chiamando il +354 1777<\/p>\n\n\n\n<h4 class=\"wp-block-heading\">Quale tipo di auto noleggiare in Iceland<\/h4>\n\n\n\n<p>Se andate in <span id=\"urn:local-text-annotation-x9v9gcut77j9dnx71lnflwu4v6bx3l5g\" class=\"textannotation disambiguated wl-organization\" itemid=\"http:\/\/data.wordlift.io\/wl0750\/entity\/islanda\">Islanda<\/span> in estate restate sulla <strong>Ring Road<\/strong>, evitate di scegliere un&nbsp;fuoristrada equipaggiato come se doveste affrontare la Parigi-Dakar, anche se devo dire che fa figo. Tutto diverso se viaggiate d\u2019inverno o comunque andare all&#8217;interno dell\u2019isola.<\/p>\n\n\n\n<div class=\"wp-block-image\"><figure class=\"aligncenter\"><a href=\"https:\/\/i0.wp.com\/dovevado.net\/wp-content\/uploads\/2018\/09\/Strade-dIslanda.jpeg\"><img data-recalc-dims=\"1\" decoding=\"async\" width=\"800\" height=\"366\" src=\"https:\/\/i0.wp.com\/dovevado.net\/wp-content\/uploads\/2018\/09\/Strade-dIslanda.jpeg?resize=800%2C366\" alt=\"Strade d&#039;Islanda\" class=\"wp-image-5803\" title=\"\" srcset=\"https:\/\/i0.wp.com\/dovevado.net\/wp-content\/uploads\/2018\/09\/Strade-dIslanda.jpeg?resize=1200%2C549&amp;ssl=1 1200w, https:\/\/i0.wp.com\/dovevado.net\/wp-content\/uploads\/2018\/09\/Strade-dIslanda.jpeg?resize=300%2C137&amp;ssl=1 300w, https:\/\/i0.wp.com\/dovevado.net\/wp-content\/uploads\/2018\/09\/Strade-dIslanda.jpeg?resize=768%2C351&amp;ssl=1 768w, https:\/\/i0.wp.com\/dovevado.net\/wp-content\/uploads\/2018\/09\/Strade-dIslanda.jpeg?resize=1024%2C469&amp;ssl=1 1024w, https:\/\/i0.wp.com\/dovevado.net\/wp-content\/uploads\/2018\/09\/Strade-dIslanda.jpeg?resize=200%2C92&amp;ssl=1 200w, https:\/\/i0.wp.com\/dovevado.net\/wp-content\/uploads\/2018\/09\/Strade-dIslanda.jpeg?resize=400%2C183&amp;ssl=1 400w, https:\/\/i0.wp.com\/dovevado.net\/wp-content\/uploads\/2018\/09\/Strade-dIslanda.jpeg?resize=600%2C275&amp;ssl=1 600w, https:\/\/i0.wp.com\/dovevado.net\/wp-content\/uploads\/2018\/09\/Strade-dIslanda.jpeg?resize=800%2C366&amp;ssl=1 800w, https:\/\/i0.wp.com\/dovevado.net\/wp-content\/uploads\/2018\/09\/Strade-dIslanda.jpeg?w=2048&amp;ssl=1 2048w, https:\/\/i0.wp.com\/dovevado.net\/wp-content\/uploads\/2018\/09\/Strade-dIslanda.jpeg?w=1600 1600w\" sizes=\"(max-width: 800px) 100vw, 800px\" \/><\/a><figcaption>F-Road Strade d&#8217;Islanda<\/figcaption><\/figure><\/div>\n\n\n\n<p>Le \u201c<strong>F-Road<\/strong>\u201d, sono strade non asfaltate dove le auto 4&#215;4 sono obbligatorie: in questo caso, un&nbsp;fuoristrada \u00e8 necessario completo di tutte le asicurazioni del caso.<br>\nA differenza delle strade principali, le strade secondarie sono pi\u00f9 strette con unica carreggiata, spesso sterrate e in spazi aperti anche il vento pu\u00f9 aumentare le difficolt\u00e0 nella guida quindi vi obbligano ad una maggiore attenzione.<\/p>\n\n\n\n<p>Se volete alcuni <a href=\"\/?p=424\">consigli per noleggiare un&#8217;auto<\/a> leggete il nostro post dedicato<\/p>\n\n\n\n<h4 class=\"wp-block-heading\">Il cellulare funziona?<\/h4>\n\n\n\n<p>Nessun problema con la ricezione, i costi del roaming sono stati aboliti anche in <span id=\"urn:local-text-annotation-mmdzmtiiv9b1lskm8tb7idvqo6akixec\" class=\"textannotation disambiguated wl-organization\" itemid=\"http:\/\/data.wordlift.io\/wl0750\/entity\/islanda\">Islanda<\/span>, dove si pu\u00f2 dunque utilizzare la propria tariffa nazionale e la ricezione si ha praticamente dappertutto.<br>\nFacile quindi utilizzare anche Google maps come navigatore consigliandovi di scaricare la mappa off line per non avere inconvenienti.<br>\nAttenzione: nelle zone pi\u00f9 remote,&nbsp;&nbsp;evitate di \u201cagganciarvi\u201d all\u2019operatore&nbsp;<strong>Siminn<\/strong>, le cui tariffe sono altissime; conviene mettere lo smartphone in modalit\u00e0 Aereo sino a quando si arriva in una zona meglio \u201ccoperta\u201d.<\/p>\n\n\n\n<hr class=\"wp-block-separator\"\/>\n\n\n\n<h2 class=\"has-text-align-center wp-block-heading\">Islanda cosa vedere<\/h2>\n\n\n\n<p>Chi va in Islanda per la prima vota segue un percorso classico, quello della cosiddetta&nbsp;Ring Road, la strada ad anello (come dice appunto il nome) che fa il giro dell\u2019isola cos\u00ec come ha fatto Nicola.<br>\nPartendo da <span id=\"urn:local-text-annotation-3w1w9f0zzdhw8mlos928um02p87cfri9\" class=\"textannotation wl-link disambiguated wl-place\" itemid=\"http:\/\/data.wordlift.io\/wl0750\/entity\/reykjavik\">Reykjav\u00edk<\/span> si pu\u00f2 percorrere in senso orario oppure antiorario a seconda che si voglia visitare prima il Nord oppure il Sud. La Ring Road, facile e ben asfaltata, permette di raggiungere con facilit\u00e0 \u2013 anche se le distanze tra un luogo e l&#8217;altro sono abbastanza lunghe \u2013 tutti i principali luoghi d\u2019interesse del paese.<\/p>\n\n\n\n<p>I pi\u00f9 esperti dicono che sia banale e scontata, ma non fare la Ring Road con le sue meraviglie sarebbe come andare a Roma e non vedere il colosseo.&nbsp;Se si decide di concentrarsi solo su una parte, bisogna tener conto che la parte occidentale \u00e8 la pi\u00f9 affollata e battuta dai turisti, mentre se si vuole un po&#8217; pi\u00f9 di solitudine, meglio puntare sulla parte orientale dell&#8217;isola.<\/p>\n\n\n\n<p>Due sono le zone che meriterebbero un viaggio a parte: la penisola di&nbsp;<strong>Snaefellsnes<\/strong>, sorta di \u201c<span id=\"urn:local-text-annotation-2zu617eku8c3o5udvd5rmwnjhdhu5lx3\" class=\"textannotation disambiguated wl-organization\" itemid=\"http:\/\/data.wordlift.io\/wl0750\/entity\/islanda\">Islanda<\/span> in miniatura\u201d con i suoi villaggi di pescatori islandesi, <span id=\"urn:local-text-annotation-ffxvt3esa8dray77mn6gqjpz8kzjr6d6\" class=\"textannotation disambiguated wl-thing\" itemid=\"http:\/\/data.wordlift.io\/wl0750\/entity\/fiordo\">fiordi<\/span> mozzafiato tra ghiacci e territori vulcanici e i <strong>Fiordi dell\u2019Ovest<\/strong> (Vestfjord, in lingua originale), zona molto impervia e di difficile accessibilit\u00e0, nella quale si godono panorami mozzafiato e ricche colonie pulcinella di mare,&nbsp; simboli dell\u2019isola.<\/p>\n\n\n\n<div class=\"wp-block-image\"><figure class=\"aligncenter\"><a href=\"https:\/\/i0.wp.com\/dovevado.net\/wp-content\/uploads\/wl\/2018\/09\/3puffins.jpg\"><img data-recalc-dims=\"1\" height=\"473\" width=\"800\" decoding=\"async\" src=\"https:\/\/i0.wp.com\/dovevado.net\/wp-content\/uploads\/wl\/2018\/09\/3puffins.jpg?resize=800%2C473\" alt=\"Pulcinella di mare\" class=\"wp-image-5939\" title=\"\"><\/a><figcaption>Pulcinella di mare<\/figcaption><\/figure><\/div>\n\n\n\n<h3 class=\"wp-block-heading\">Reykjavic e il Cerchio d&#8217;Oro<\/h3>\n\n\n\n<div class=\"wp-block-image\"><figure class=\"alignleft\"><a href=\"https:\/\/i0.wp.com\/dovevado.net\/wp-content\/uploads\/2018\/09\/Cattedrale-Hallgr%C3%ADmskirkja-Reykjavik-Islanda.jpeg\"><img data-recalc-dims=\"1\" loading=\"lazy\" decoding=\"async\" width=\"200\" height=\"228\" src=\"https:\/\/i0.wp.com\/dovevado.net\/wp-content\/uploads\/2018\/09\/Cattedrale-Hallgr%C3%ADmskirkja-Reykjavik-Islanda.jpeg?resize=200%2C228\" alt=\"Cattedrale\u00a0Hallgr\u00edmskirkja Reykjavik Islanda\" class=\"wp-image-5697\" title=\"\" srcset=\"https:\/\/i0.wp.com\/dovevado.net\/wp-content\/uploads\/2018\/09\/Cattedrale-Hallgr%C3%ADmskirkja-Reykjavik-Islanda.jpeg?resize=200%2C228&amp;ssl=1 200w, https:\/\/i0.wp.com\/dovevado.net\/wp-content\/uploads\/2018\/09\/Cattedrale-Hallgr%C3%ADmskirkja-Reykjavik-Islanda.jpeg?resize=263%2C300&amp;ssl=1 263w, https:\/\/i0.wp.com\/dovevado.net\/wp-content\/uploads\/2018\/09\/Cattedrale-Hallgr%C3%ADmskirkja-Reykjavik-Islanda.jpeg?resize=768%2C875&amp;ssl=1 768w, https:\/\/i0.wp.com\/dovevado.net\/wp-content\/uploads\/2018\/09\/Cattedrale-Hallgr%C3%ADmskirkja-Reykjavik-Islanda.jpeg?resize=899%2C1024&amp;ssl=1 899w, https:\/\/i0.wp.com\/dovevado.net\/wp-content\/uploads\/2018\/09\/Cattedrale-Hallgr%C3%ADmskirkja-Reykjavik-Islanda.jpeg?resize=400%2C456&amp;ssl=1 400w, https:\/\/i0.wp.com\/dovevado.net\/wp-content\/uploads\/2018\/09\/Cattedrale-Hallgr%C3%ADmskirkja-Reykjavik-Islanda.jpeg?resize=600%2C684&amp;ssl=1 600w, https:\/\/i0.wp.com\/dovevado.net\/wp-content\/uploads\/2018\/09\/Cattedrale-Hallgr%C3%ADmskirkja-Reykjavik-Islanda.jpeg?resize=800%2C912&amp;ssl=1 800w, https:\/\/i0.wp.com\/dovevado.net\/wp-content\/uploads\/2018\/09\/Cattedrale-Hallgr%C3%ADmskirkja-Reykjavik-Islanda.jpeg?resize=1200%2C1367&amp;ssl=1 1200w, https:\/\/i0.wp.com\/dovevado.net\/wp-content\/uploads\/2018\/09\/Cattedrale-Hallgr%C3%ADmskirkja-Reykjavik-Islanda.jpeg?w=1797&amp;ssl=1 1797w, https:\/\/i0.wp.com\/dovevado.net\/wp-content\/uploads\/2018\/09\/Cattedrale-Hallgr%C3%ADmskirkja-Reykjavik-Islanda.jpeg?w=1600 1600w\" sizes=\"(max-width: 200px) 100vw, 200px\" \/><\/a><figcaption>Cattedrale&nbsp;Hallgr\u00edmskirkja Reykjavik Islanda<\/figcaption><\/figure><\/div>\n\n\n\n<p><a href=\"\/?p=5550\">Reykjavic e&nbsp;Cerchio d&#8217;oro<\/a>&nbsp;\u00e8 certamente l&#8217;area pi\u00f9 turistica di tutta l&#8217;<span id=\"urn:local-text-annotation-183l93ya2lp4m25jn44dvbewa2fjh2pc\" class=\"textannotation disambiguated wl-organization\" itemid=\"http:\/\/data.wordlift.io\/wl0750\/entity\/islanda\">Islanda<\/span> e vale la pena perdersi nei vicoli della capitale per scoprire le sue attrazioni:Il <strong>\u00deingvellir<\/strong>, sede del primo parlamento islandese e quindi il sito storico pi\u00f9 importante dell&#8217;isola,&nbsp;<strong>Gullfoss<\/strong>, la cascata pi\u00f9 famosa con un salto di 32 m dentro un canyon,&nbsp;<strong>Geysir<\/strong>, il celebre getto di acqua calda da cui hanno preso nome tutti i fenomeni analoghi nel mondo.<\/p>\n\n\n\n<p>ci si trova spesso in villaggi di pescatori dimenticati nel tempo, ghiacciai enormi, catene montuose perennemente innevate. Si potrebbe&nbsp;passare mesi a contemplare la natura e camminare nel silenzio pi\u00f9 assoluto, ma dopo tanti chilometri un tuffo in pozze d&#8217;acqua calda sar\u00e0 sicuramente piacevole: l&#8217;<span id=\"urn:local-text-annotation-yzv93l4ay2ips0bj30ieq0e2jx1qm6gy\" class=\"textannotation disambiguated wl-organization\" itemid=\"http:\/\/data.wordlift.io\/wl0750\/entity\/islanda\">Islanda<\/span> \u00e8 infatti ricca di centri termali, che testimoniano una forte attivit\u00e0 geotermica.<\/p>\n\n\n\n<h3 class=\"wp-block-heading\">Hveravellir e l&#8217;interno<\/h3>\n\n\n\n<p>Nicola non ha visitato la parte centrale dell&#8217;isola, ma Hveravellir, anche se non \u00e8 un vero deserto si contraddistingue da paesaggi lunari.<\/p>\n\n\n\n<p>Qui, la famosa pista di&nbsp;<strong>Kj\u00f6lur<\/strong>&nbsp;vi permetter\u00e0 di raggiungere Hveravellir, una zona geotermica ricca di fumarole e vasche di acqua termale di ogni colore, lasciandovi stupefatti dalla natura incontrastata.<\/p>\n\n\n\n<h3 class=\"wp-block-heading\">Il nord dell&#8217;Islanda<\/h3>\n\n\n\n<p>Il <a href=\"\/?p=5765\">nord dell&#8217;Islanda<\/a> \u00e8 meno visitata dal turismo di &#8220;massa&#8221; ma offre delle autentiche zone incantate, da&nbsp;<strong>Skagafj\u00f6r\u00f0ur<\/strong>&nbsp;con i suoi spettacolari promontori ad&nbsp;<strong>Akureyri<\/strong>, la citt\u00e0 pi\u00f9 bella d&#8217;<span id=\"urn:local-text-annotation-b47q77pbdrwroip0wn2zj39gigs14hvx\" class=\"textannotation disambiguated wl-organization\" itemid=\"http:\/\/data.wordlift.io\/wl0750\/entity\/islanda\">Islanda<\/span>, da&nbsp;Go\u00f0afoss, la cascata degli Dei, al&nbsp;lago <strong><span id=\"urn:local-text-annotation-1k7t7yf6296tpvew2t9rhn2u2mrdv3hc\" class=\"textannotation disambiguated wl-place\" itemid=\"http:\/\/data.wordlift.io\/wl0750\/entity\/myvatn\">Myvatn<\/span><\/strong>&nbsp;circondato da campi lavici, dalla penisola di Tj\u00f6rnes ricca di fauna avicola e foche al parco nazionale di&nbsp;J\u00f6kulsargljufur. E in conclusione, con una portata media di 180-200 m\u00b3\/s, le pi\u00f9 imponenti cascate d&#8217;Europa, le&nbsp;Dettifoss.<\/p>\n\n\n\n<h3 class=\"wp-block-heading\">I fiordi orientali e il Sud<\/h3>\n\n\n\n<p>I&nbsp;<a href=\"\/?p=5762\">fiordi orientali<\/a>&nbsp;coprono un tratto di 120 km, con numerosi villaggi di pescatori. Questa parte d&#8217;<span id=\"urn:local-text-annotation-g9383i3hauanwematxkjaje7due9a4g8\" class=\"textannotation disambiguated wl-organization\" itemid=\"http:\/\/data.wordlift.io\/wl0750\/entity\/islanda\">Islanda<\/span> estremamente rurale non pu\u00f2 che lasciare a bocca aperta per la bellezza del suo paesaggio ed in particolare dei <span id=\"urn:local-text-annotation-gpc6pa9lb0q30defvj5ihbpo75xkybwt\" class=\"textannotation disambiguated wl-thing\" itemid=\"http:\/\/data.wordlift.io\/wl0750\/entity\/fiordo\">fiordi<\/span>.<\/p>\n\n\n\n<div class=\"wp-block-image\"><figure class=\"aligncenter\"><a href=\"https:\/\/i0.wp.com\/dovevado.net\/wp-content\/uploads\/2018\/09\/Glacier-Lagoon-Islanda.jpeg\"><img data-recalc-dims=\"1\" loading=\"lazy\" decoding=\"async\" width=\"800\" height=\"600\" src=\"https:\/\/i0.wp.com\/dovevado.net\/wp-content\/uploads\/2018\/09\/Glacier-Lagoon-Islanda.jpeg?resize=800%2C600\" alt=\"laguna ghiacciata - Islanda\" class=\"wp-image-5721\" title=\"\" srcset=\"https:\/\/i0.wp.com\/dovevado.net\/wp-content\/uploads\/2018\/09\/Glacier-Lagoon-Islanda.jpeg?resize=1200%2C900&amp;ssl=1 1200w, https:\/\/i0.wp.com\/dovevado.net\/wp-content\/uploads\/2018\/09\/Glacier-Lagoon-Islanda.jpeg?resize=300%2C225&amp;ssl=1 300w, https:\/\/i0.wp.com\/dovevado.net\/wp-content\/uploads\/2018\/09\/Glacier-Lagoon-Islanda.jpeg?resize=768%2C576&amp;ssl=1 768w, https:\/\/i0.wp.com\/dovevado.net\/wp-content\/uploads\/2018\/09\/Glacier-Lagoon-Islanda.jpeg?resize=1024%2C768&amp;ssl=1 1024w, https:\/\/i0.wp.com\/dovevado.net\/wp-content\/uploads\/2018\/09\/Glacier-Lagoon-Islanda.jpeg?w=2048&amp;ssl=1 2048w, https:\/\/i0.wp.com\/dovevado.net\/wp-content\/uploads\/2018\/09\/Glacier-Lagoon-Islanda.jpeg?w=1600 1600w\" sizes=\"(max-width: 800px) 100vw, 800px\" \/><\/a><figcaption>Glacier Lagoon &#8211; Islanda<\/figcaption><\/figure><\/div>\n\n\n\n<p>Piegando nuovamente verso l&#8217;interno si entrer\u00e0 in una zona dove la natura regna sovrana: il&nbsp;<span id=\"urn:local-text-annotation-y034592ittlpueewj40w7o1iuvn4hgk3\" class=\"textannotation disambiguated wl-place\" itemid=\"http:\/\/data.wordlift.io\/wl0750\/entity\/parco_nazionale_skaftafell\">parco nazionale dello Skaftafell<\/span>, un&#8217;oasi incontaminata raggiunta dalle propaggini meridionali del&nbsp;Vatnaj\u00f6kull, la terza calotta di ghiaccio pi\u00f9 vasta al mondo;&nbsp;Landmannalaugar&nbsp;con un bizzarro e pittoresco paesaggio e ricco di sorgenti calde. Saranno queste due ultimi attrazioni che vi lasceranno un ricordo indelebile di questa stupenda isola.<\/p>\n\n\n\n<h2 class=\"has-text-align-center wp-block-heading\">Islanda da non perdere<\/h2>\n\n\n\n<h3 class=\"wp-block-heading\">1. Ammirare l\u2019arcobaleno alla cascata Gullfoss<\/h3>\n\n\n\n<p>La cascata d\u2019oro&nbsp;d\u2019<span id=\"urn:local-text-annotation-4prley9kbtntkj4wpkzjotxkhf85qxsl\" class=\"textannotation disambiguated wl-organization\" itemid=\"http:\/\/data.wordlift.io\/wl0750\/entity\/islanda\">Islanda<\/span> \u00e8 una delle pi\u00f9 imponenti d\u2019Europa. Si tratta di un luogo magico, che insieme al Parco Nazionale Pingvellir e ai vicini geyser di Geysir e Strokkur, fa parte del cosiddetto&nbsp;Circolo d\u2019Oro. Nelle giornate di sole, le nuvole di vapore che la circondano si riempiono di decine di arcobaleni, offrendo uno spettacolo ineguagliabile di colore e movimento.<\/p>\n\n\n\n<div class=\"wp-block-image\"><figure class=\"aligncenter\"><a href=\"https:\/\/i0.wp.com\/dovevado.net\/wp-content\/uploads\/2018\/11\/Cascate-Gullfoss.jpg\"><img data-recalc-dims=\"1\" loading=\"lazy\" decoding=\"async\" width=\"800\" height=\"450\" src=\"https:\/\/i0.wp.com\/dovevado.net\/wp-content\/uploads\/2018\/11\/Cascate-Gullfoss.jpg?resize=800%2C450\" alt=\"Cascate Gullfoss\" class=\"wp-image-7173\" title=\"\" srcset=\"https:\/\/i0.wp.com\/dovevado.net\/wp-content\/uploads\/2018\/11\/Cascate-Gullfoss.jpg?resize=1200%2C675&amp;ssl=1 1200w, https:\/\/i0.wp.com\/dovevado.net\/wp-content\/uploads\/2018\/11\/Cascate-Gullfoss.jpg?resize=300%2C169&amp;ssl=1 300w, https:\/\/i0.wp.com\/dovevado.net\/wp-content\/uploads\/2018\/11\/Cascate-Gullfoss.jpg?resize=768%2C432&amp;ssl=1 768w, https:\/\/i0.wp.com\/dovevado.net\/wp-content\/uploads\/2018\/11\/Cascate-Gullfoss.jpg?resize=1024%2C576&amp;ssl=1 1024w, https:\/\/i0.wp.com\/dovevado.net\/wp-content\/uploads\/2018\/11\/Cascate-Gullfoss.jpg?resize=200%2C112&amp;ssl=1 200w, https:\/\/i0.wp.com\/dovevado.net\/wp-content\/uploads\/2018\/11\/Cascate-Gullfoss.jpg?resize=400%2C225&amp;ssl=1 400w, https:\/\/i0.wp.com\/dovevado.net\/wp-content\/uploads\/2018\/11\/Cascate-Gullfoss.jpg?resize=600%2C337&amp;ssl=1 600w, https:\/\/i0.wp.com\/dovevado.net\/wp-content\/uploads\/2018\/11\/Cascate-Gullfoss.jpg?resize=800%2C450&amp;ssl=1 800w, https:\/\/i0.wp.com\/dovevado.net\/wp-content\/uploads\/2018\/11\/Cascate-Gullfoss.jpg?w=1700&amp;ssl=1 1700w, https:\/\/i0.wp.com\/dovevado.net\/wp-content\/uploads\/2018\/11\/Cascate-Gullfoss.jpg?w=1600 1600w\" sizes=\"(max-width: 800px) 100vw, 800px\" \/><\/a><figcaption>Cascate Gullfoss<\/figcaption><\/figure><\/div>\n\n\n\n<h3 class=\"wp-block-heading\">2. L\u2019aurora boreale islandese<\/h3>\n\n\n\n<p>Osservare&nbsp;l\u2019aurora boreale&nbsp;al sorgere o al calare del sole potrebbe essere uno degli spettacoli pi\u00f9 belli della vostra vita. In <span id=\"urn:local-text-annotation-br663i6i8br0mc63j83xcgwaampyl74r\" class=\"textannotation disambiguated wl-organization\" itemid=\"http:\/\/data.wordlift.io\/wl0750\/entity\/islanda\">Islanda<\/span> potete osservare l\u2019aurora&nbsp;da fine agosto ad aprile&nbsp;in ogni luogo del Paese. Per essere (pi\u00f9 o meno) certi che possiate vederla, controllate le previsioni sul sito Icelandic Met Office: cercate le aree bianche, ovvero quelle che indicano cielo sereno e&#8230; correte ad immortalarla.<\/p>\n\n\n\n<div class=\"wp-block-image\"><figure class=\"aligncenter\"><a href=\"https:\/\/i0.wp.com\/dovevado.net\/wp-content\/uploads\/2018\/11\/aurora-Boreale.jpg\"><img data-recalc-dims=\"1\" loading=\"lazy\" decoding=\"async\" width=\"800\" height=\"586\" src=\"https:\/\/i0.wp.com\/dovevado.net\/wp-content\/uploads\/2018\/11\/aurora-Boreale.jpg?resize=800%2C586\" alt=\"Aurora Boreale Islanda\" class=\"wp-image-7163\" title=\"\" srcset=\"https:\/\/i0.wp.com\/dovevado.net\/wp-content\/uploads\/2018\/11\/aurora-Boreale.jpg?resize=1200%2C879&amp;ssl=1 1200w, https:\/\/i0.wp.com\/dovevado.net\/wp-content\/uploads\/2018\/11\/aurora-Boreale.jpg?resize=300%2C220&amp;ssl=1 300w, https:\/\/i0.wp.com\/dovevado.net\/wp-content\/uploads\/2018\/11\/aurora-Boreale.jpg?resize=768%2C562&amp;ssl=1 768w, https:\/\/i0.wp.com\/dovevado.net\/wp-content\/uploads\/2018\/11\/aurora-Boreale.jpg?resize=1024%2C750&amp;ssl=1 1024w, https:\/\/i0.wp.com\/dovevado.net\/wp-content\/uploads\/2018\/11\/aurora-Boreale.jpg?resize=200%2C146&amp;ssl=1 200w, https:\/\/i0.wp.com\/dovevado.net\/wp-content\/uploads\/2018\/11\/aurora-Boreale.jpg?resize=400%2C293&amp;ssl=1 400w, https:\/\/i0.wp.com\/dovevado.net\/wp-content\/uploads\/2018\/11\/aurora-Boreale.jpg?resize=600%2C439&amp;ssl=1 600w, https:\/\/i0.wp.com\/dovevado.net\/wp-content\/uploads\/2018\/11\/aurora-Boreale.jpg?resize=800%2C586&amp;ssl=1 800w, https:\/\/i0.wp.com\/dovevado.net\/wp-content\/uploads\/2018\/11\/aurora-Boreale.jpg?w=1800&amp;ssl=1 1800w, https:\/\/i0.wp.com\/dovevado.net\/wp-content\/uploads\/2018\/11\/aurora-Boreale.jpg?w=1600 1600w\" sizes=\"(max-width: 800px) 100vw, 800px\" \/><\/a><figcaption>Aurora Boreale Islanda<\/figcaption><\/figure><\/div>\n\n\n\n<h3 class=\"wp-block-heading\">3. whale watching ad Husavik<\/h3>\n\n\n\n<p>Il villaggio di&nbsp;H\u00fasav\u00edk&nbsp;\u00e8 noto per essere il miglior punto di partenza per&nbsp;l&#8217;avvistamento delle balene&nbsp;in <span id=\"urn:local-text-annotation-8j78iwowebd98v1ab3hfklbic3vz8nhj\" class=\"textannotation disambiguated wl-organization\" itemid=\"http:\/\/data.wordlift.io\/wl0750\/entity\/islanda\">Islanda<\/span>. La baia su cui si affaccia ha caratteristiche particolari, tali da renderla un habitat particolarmente idoneo ai cetacei. Tra giugno ed agosto, il miglior periodo per avvistare le balene, potrete avvistare fino a una decina di specie diverse, compresa la&nbsp;balenottera azzurra, il pi\u00f9 grande animale vivente sulla Terra.<\/p>\n\n\n\n<div class=\"wp-block-image\"><figure class=\"aligncenter\"><a href=\"https:\/\/i0.wp.com\/dovevado.net\/wp-content\/uploads\/2018\/09\/Balena-Islanda.jpeg\"><img data-recalc-dims=\"1\" loading=\"lazy\" decoding=\"async\" width=\"800\" height=\"900\" src=\"https:\/\/i0.wp.com\/dovevado.net\/wp-content\/uploads\/2018\/09\/Balena-Islanda.jpeg?resize=800%2C900\" alt=\"Balena Islanda\" class=\"wp-image-5714\" title=\"\" srcset=\"https:\/\/i0.wp.com\/dovevado.net\/wp-content\/uploads\/2018\/09\/Balena-Islanda.jpeg?resize=1200%2C1350&amp;ssl=1 1200w, https:\/\/i0.wp.com\/dovevado.net\/wp-content\/uploads\/2018\/09\/Balena-Islanda.jpeg?resize=267%2C300&amp;ssl=1 267w, https:\/\/i0.wp.com\/dovevado.net\/wp-content\/uploads\/2018\/09\/Balena-Islanda.jpeg?resize=768%2C864&amp;ssl=1 768w, https:\/\/i0.wp.com\/dovevado.net\/wp-content\/uploads\/2018\/09\/Balena-Islanda.jpeg?resize=910%2C1024&amp;ssl=1 910w, https:\/\/i0.wp.com\/dovevado.net\/wp-content\/uploads\/2018\/09\/Balena-Islanda.jpeg?resize=200%2C225&amp;ssl=1 200w, https:\/\/i0.wp.com\/dovevado.net\/wp-content\/uploads\/2018\/09\/Balena-Islanda.jpeg?resize=400%2C450&amp;ssl=1 400w, https:\/\/i0.wp.com\/dovevado.net\/wp-content\/uploads\/2018\/09\/Balena-Islanda.jpeg?resize=600%2C675&amp;ssl=1 600w, https:\/\/i0.wp.com\/dovevado.net\/wp-content\/uploads\/2018\/09\/Balena-Islanda.jpeg?resize=800%2C900&amp;ssl=1 800w, https:\/\/i0.wp.com\/dovevado.net\/wp-content\/uploads\/2018\/09\/Balena-Islanda.jpeg?w=1820&amp;ssl=1 1820w, https:\/\/i0.wp.com\/dovevado.net\/wp-content\/uploads\/2018\/09\/Balena-Islanda.jpeg?w=1600 1600w\" sizes=\"(max-width: 800px) 100vw, 800px\" \/><\/a><figcaption>Balena Islanda<\/figcaption><\/figure><\/div>\n\n\n\n<h3 class=\"wp-block-heading\">4. Skaftafell, il piu&#8217; grande parco d\u2019Islanda<\/h3>\n\n\n\n<p>In nessun altro luogo come nell\u2019area protetta dello&nbsp;<span id=\"urn:local-text-annotation-oez3eep219g4zrmxgtrpytzai717fsva\" class=\"textannotation disambiguated wl-place\" itemid=\"http:\/\/data.wordlift.io\/wl0750\/entity\/parco_nazionale_skaftafell\">Skaftafell<\/span>, il parco pi\u00f9 grande d\u2019<span id=\"urn:local-text-annotation-o4tgflvqruqsai9pcgbgcl0z6zts65qa\" class=\"textannotation disambiguated wl-organization\" itemid=\"http:\/\/data.wordlift.io\/wl0750\/entity\/islanda\">Islanda<\/span>, si possono ammirare scenari contrastanti. Una delle passeggiate pi\u00f9 belle porta alla splendida&nbsp;cascata Svartifoss, la &#8220;cascata nera&#8221;, che deve la sua bellezza all\u2019arco di nere colonne basaltiche che la incornicia, cerando insoliti effetti cromatici.<\/p>\n\n\n\n<div class=\"wp-block-image\"><figure class=\"aligncenter\"><a href=\"https:\/\/i0.wp.com\/dovevado.net\/wp-content\/uploads\/2018\/09\/Svartifoss-Islanda.jpg\"><img data-recalc-dims=\"1\" height=\"603\" width=\"800\" decoding=\"async\" src=\"https:\/\/i0.wp.com\/dovevado.net\/wp-content\/uploads\/2018\/09\/Svartifoss-Islanda.jpg?resize=800%2C603\" alt=\"Cascata Svartifoss - Islanda\" class=\"wp-image-5722\" title=\"\"><\/a><figcaption>Cascata Svartifoss &#8211; Islanda<\/figcaption><\/figure><\/div>\n\n\n\n<h3 class=\"wp-block-heading\">5. Camminare nel paesaggio vulcanico di Snaefellsnes<\/h3>\n\n\n\n<p>La parte pi\u00f9 interessante di tutta l&#8217;<span id=\"urn:local-text-annotation-wn71gh5nynpar9v7b9ep4fttfnlzz4pw\" class=\"textannotation disambiguated wl-organization\" itemid=\"http:\/\/data.wordlift.io\/wl0750\/entity\/islanda\">Islanda<\/span> occidentale \u00e8 sicuramente la&nbsp;penisola di Sn\u00e6fellsnes, dove conviene passare la maggior parte del tempo dedicato a questa regione. Sulla punta occidentale della penisola si trova il famoso&nbsp;Sn\u00e6fellsj\u00f6kull, il cratere ghiacciato in cui Jules Verne ambient\u00f2 l&#8217;ingresso&nbsp;di &#8216;Al centro della terra&#8217;.<\/p>\n\n\n\n<div class=\"wp-block-image\"><figure class=\"aligncenter\"><a href=\"https:\/\/i0.wp.com\/dovevado.net\/wp-content\/uploads\/2018\/09\/Paesaggio-Islanda.jpeg\"><img data-recalc-dims=\"1\" loading=\"lazy\" decoding=\"async\" width=\"800\" height=\"600\" src=\"https:\/\/i0.wp.com\/dovevado.net\/wp-content\/uploads\/2018\/09\/Paesaggio-Islanda.jpeg?resize=800%2C600\" alt=\"Paesaggio islandese\" class=\"wp-image-5696\" title=\"\" srcset=\"https:\/\/i0.wp.com\/dovevado.net\/wp-content\/uploads\/2018\/09\/Paesaggio-Islanda.jpeg?resize=1200%2C900&amp;ssl=1 1200w, https:\/\/i0.wp.com\/dovevado.net\/wp-content\/uploads\/2018\/09\/Paesaggio-Islanda.jpeg?resize=300%2C225&amp;ssl=1 300w, https:\/\/i0.wp.com\/dovevado.net\/wp-content\/uploads\/2018\/09\/Paesaggio-Islanda.jpeg?resize=768%2C576&amp;ssl=1 768w, https:\/\/i0.wp.com\/dovevado.net\/wp-content\/uploads\/2018\/09\/Paesaggio-Islanda.jpeg?resize=1024%2C768&amp;ssl=1 1024w, https:\/\/i0.wp.com\/dovevado.net\/wp-content\/uploads\/2018\/09\/Paesaggio-Islanda.jpeg?w=2048&amp;ssl=1 2048w, https:\/\/i0.wp.com\/dovevado.net\/wp-content\/uploads\/2018\/09\/Paesaggio-Islanda.jpeg?w=1600 1600w\" sizes=\"(max-width: 800px) 100vw, 800px\" \/><\/a><figcaption>Paesaggio islandese<\/figcaption><\/figure><\/div>\n\n\n\n<hr class=\"wp-block-separator\"\/>\n\n\n\n<h2 class=\"has-text-align-center wp-block-heading\">Islanda Tour<\/h2>\n\n\n\n<p>Il tuor dell&#8217;<span id=\"urn:local-text-annotation-aakowh1eu9sqmxx47zbzyn26oevql0jz\" class=\"textannotation disambiguated wl-organization\" itemid=\"http:\/\/data.wordlift.io\/wl0750\/entity\/islanda\">Islanda<\/span> che riportiamo, \u00e8 quello fatto dal nostro Nicola Fiorentini nel mese di agosto 2018 della durata di nove giorni nei quali ha seguito la Ring Road in senso orario.<\/p>\n\n\n\n<div class=\"wp-block-image\"><figure class=\"aligncenter\"><a href=\"https:\/\/i0.wp.com\/dovevado.net\/wp-content\/uploads\/2018\/11\/islanda-tour.jpg\"><img data-recalc-dims=\"1\" loading=\"lazy\" decoding=\"async\" width=\"800\" height=\"519\" src=\"https:\/\/i0.wp.com\/dovevado.net\/wp-content\/uploads\/2018\/11\/islanda-tour.jpg?resize=800%2C519\" alt=\"islanda tour\" class=\"wp-image-7148\" title=\"\" srcset=\"https:\/\/i0.wp.com\/dovevado.net\/wp-content\/uploads\/2018\/11\/islanda-tour.jpg?w=1103&amp;ssl=1 1103w, https:\/\/i0.wp.com\/dovevado.net\/wp-content\/uploads\/2018\/11\/islanda-tour.jpg?resize=300%2C195&amp;ssl=1 300w, https:\/\/i0.wp.com\/dovevado.net\/wp-content\/uploads\/2018\/11\/islanda-tour.jpg?resize=768%2C499&amp;ssl=1 768w, https:\/\/i0.wp.com\/dovevado.net\/wp-content\/uploads\/2018\/11\/islanda-tour.jpg?resize=1024%2C665&amp;ssl=1 1024w, https:\/\/i0.wp.com\/dovevado.net\/wp-content\/uploads\/2018\/11\/islanda-tour.jpg?resize=200%2C130&amp;ssl=1 200w, https:\/\/i0.wp.com\/dovevado.net\/wp-content\/uploads\/2018\/11\/islanda-tour.jpg?resize=400%2C260&amp;ssl=1 400w, https:\/\/i0.wp.com\/dovevado.net\/wp-content\/uploads\/2018\/11\/islanda-tour.jpg?resize=600%2C389&amp;ssl=1 600w, https:\/\/i0.wp.com\/dovevado.net\/wp-content\/uploads\/2018\/11\/islanda-tour.jpg?resize=800%2C519&amp;ssl=1 800w\" sizes=\"(max-width: 800px) 100vw, 800px\" \/><\/a><figcaption>Islanda tour di Nicola Fiorentini<\/figcaption><\/figure><\/div>\n\n\n\n<h2 class=\"has-text-align-center wp-block-heading\">L&#8217;itinerario<\/h2>\n\n\n\n<h4 class=\"wp-block-heading\">Primo giorno &#8211; Sabato 11 agosto<\/h4>\n\n\n\n<p>Partenza da Bologna e arrivo all&#8217;aeroportoKeflavik ore 15:10, ritiro auto e trasferimento a <span id=\"urn:local-text-annotation-wr96grhv26ikmxbqkgbklf3qjjg5jfle\" class=\"textannotation wl-link disambiguated wl-place\" itemid=\"http:\/\/data.wordlift.io\/wl0750\/entity\/reykjavik\">Reykjavik<\/span>. La serata per la visita della citt\u00e0 e pernottamento presso <a href=\"https:\/\/www.booking.com\/hotel\/is\/arcturus-guesthouse-reykjavik.it.html\" target=\"_blank\" rel=\"noopener\">Arcturus Guesthouse<\/a>.<\/p>\n\n\n\n<h4 class=\"wp-block-heading\">Secondo Giorno &#8211; Domenica 12 agosto<\/h4>\n\n\n\n<p>Partenza da <strong><span id=\"urn:local-text-annotation-y04i9h3a27n6sacqhe9voa09r3x7spm2\" class=\"textannotation wl-link disambiguated wl-place\" itemid=\"http:\/\/data.wordlift.io\/wl0750\/entity\/reykjavik\">Reykjavik<\/span><\/strong> verso il Parco nazionale di <strong>Thingvellir<\/strong> (1h 30 circa) dove visitare <strong>Gullfoss<\/strong>, la&nbsp;cascata d&#8217;Oro (mappa 2) e Strokkur con i suoi Geyser.<br>\nSi prosegue verso la sorgente termica di <strong>Deildartunguhver<\/strong>,&nbsp;3h circa (Mappa 14) e visita alle cascate <strong>Hraunfossar<\/strong> e <strong>Barnafoss<\/strong> (Mappa 13).<\/p>\n\n\n\n<p>Trasferimento a <a href=\"https:\/\/www.booking.com\/hotel\/is\/guesthouse-neadegra-vatnshorn.it.html\" target=\"_blank\" rel=\"noopener\">Guesthouse Nedra-Vatnshorn<\/a> (2h circa) per il pernottamento.<\/p>\n\n\n\n<h4 class=\"wp-block-heading\">Terzo giorno &#8211; Luned\u00ec 13 agosto<\/h4>\n\n\n\n<p>Visita ad <strong>Hvitserkur<\/strong> (30 min \u2013 Mappa 16) per poi proseguire nel <span id=\"urn:local-text-annotation-a3t43976c6rrtr8t4u5e4rx3vqche0e6\" class=\"textannotation disambiguated wl-thing\" itemid=\"http:\/\/data.wordlift.io\/wl0750\/entity\/fiordo\">fiordo<\/span> di <strong>Skagafjorour<\/strong> famoso per i suoi cavalli fermandosi a visitare la fattoria di torba Glaumb\u00e6r (circa 1h 45 \u2013 Mappa 12).<\/p>\n\n\n\n<p>Trasferimento ad <strong>Akureyri<\/strong> (circa 1h 15) per il pernottamento.<\/p>\n\n\n\n<h4 class=\"wp-block-heading\">Quarto giorno &#8211; Marted\u00ec 14 agosto<\/h4>\n\n\n\n<p>Visita alla <strong>Godafoss<\/strong> (cascata degli Dei) (circa 45 min \u2013 Mappa 11). Si prosegue verso il lago <strong><span id=\"urn:local-text-annotation-hlbq95mdk3iwb73jxtydk7oonwe9s9vc\" class=\"textannotation disambiguated wl-place\" itemid=\"http:\/\/data.wordlift.io\/wl0750\/entity\/myvatn\">Myvatn<\/span><\/strong> (circa 30 min \u2013 Mappa 10). Visita ai siti di Namaskard e Krafla e sosta all&#8217;area termale <span id=\"urn:local-text-annotation-txvv98yh6gngc998mn95kkrn3gx1rf2k\" class=\"textannotation disambiguated wl-place\" itemid=\"http:\/\/data.wordlift.io\/wl0750\/entity\/myvatn\">Myvatn<\/span> Nature Baths.<\/p>\n\n\n\n<p>Trasferimento ad Husavik (circa 1h) e pernottamento presso Post-Plaza Guesthouse.<\/p>\n\n\n\n<h4 class=\"wp-block-heading\">Quinto giorno &#8211; Mercoled\u00ec 15 agosto<\/h4>\n\n\n\n<p>Tour in barca per l&#8217;avvistamento delle balene (circa 3h \u2013 Mappa 9). Al rientro visita alla <strong>Dettifoss<\/strong> la pi\u00f9 potente cascata d&#8217;Europa e alla gola di <strong>Asbyrgi<\/strong> (circa 1h \u2013 Mappa 8).<\/p>\n\n\n\n<p>Trasferimento a <strong>Eglisstadir<\/strong> (circa 2h 45) e pernottamento presso <strong>Birga Guesthouse<\/strong>.<\/p>\n\n\n\n<h4 class=\"wp-block-heading\">Sesto giorno &#8211; Gioved\u00ec 16 agosto<\/h4>\n\n\n\n<p>Visita dei <span id=\"urn:local-text-annotation-hyn4920uvj87213tt56w3qrglm9xqyl1\" class=\"textannotation disambiguated wl-thing\" itemid=\"http:\/\/data.wordlift.io\/wl0750\/entity\/fiordo\">fiordi<\/span> dell&#8217;est (Mappa 7) e trasferimento a <strong>Hofn<\/strong> per pernottamento presso <a href=\"https:\/\/www.booking.com\/hotel\/is\/guesthouse-dyngja.it.html\" target=\"_blank\" rel=\"noopener\">Guesthouse Dyngja<\/a> (circa 4h 30).<\/p>\n\n\n\n<h4 class=\"wp-block-heading\">Settimo giorno &#8211; Venerd\u00ec 17 agosto<\/h4>\n\n\n\n<p>Visita alla laguna glaciale di <strong>Jokulsarlon<\/strong> (circa 1h \u2013 Mappa 6). Si prosegue verso il <strong>parco naturale <span id=\"urn:local-text-annotation-p1osp4sttfbkbo0fb7aqwbcyo18pppkh\" class=\"textannotation disambiguated wl-place\" itemid=\"http:\/\/data.wordlift.io\/wl0750\/entity\/parco_nazionale_skaftafell\">Skaftafell<\/span><\/strong> (circa 45 min) e passeggiata di circa 1h e 30 min A\/R fino alla <strong>Svartifoss<\/strong> (cascata Nera) (Mappa 5).<\/p>\n\n\n\n<p>Trasferimento a Vik (circa 1h 30), visita al promontorio di <strong>Dyrholaey<\/strong> e pernottamento presso <a href=\"https:\/\/www.booking.com\/hotel\/is\/guesthouse-galleri-vik.it.html?aid=356981;label=gog235jc-hotel-XX-is-guesthouseNgalleriNvik-unspec-it-com-L%3Ait-O%3AosSx-B%3Achrome-N%3AXX-S%3Abo-U%3AXX-H%3As;sid=0856918b4ea1b953c212a6daceed9b41;dist=0&amp;keep_landing=1&amp;sb_price_type=total&amp;type=total&amp;\" target=\"_blank\" rel=\"noopener\">Guesthouse Galleri.<\/a><\/p>\n\n\n\n<h4 class=\"wp-block-heading\">Ottavo giorno &#8211; Sabato 18 agosto<\/h4>\n\n\n\n<p>Visita alle cascate <strong>Seljalandsfoss<\/strong> e <strong>Skogafoss<\/strong> (circa 30 min la prima \u2013 Mappa 3). sul sentiero che porta al relitto del DC3 circa 2 ore (solo andata) di camminata con possibilit\u00e0 di autostop ad eventuali fuoristrada.<\/p>\n\n\n\n<p>Trasferimento verso <strong>Keflavik<\/strong> (2h 15 min) ed in base al tempo a disposizione sosta alla <strong>Blue Lagoon<\/strong> (Mappa 1).<\/p>\n\n\n\n<h4 class=\"wp-block-heading\">Nono giorno &#8211; Domenica 19 agosto<\/h4>\n\n\n\n<p>Sveglia ad orario improponibile per trasferimento aeroporto e riconsegna auto. Volo ore 7:45 arrivo a Bologna ore 19:20.<\/p>\n\n\n\n<div class=\"wp-block-image\"><figure class=\"aligncenter\"><img data-recalc-dims=\"1\" loading=\"lazy\" decoding=\"async\" width=\"576\" height=\"1024\" src=\"https:\/\/i0.wp.com\/dovevado.net\/wp-content\/uploads\/2018\/11\/Islanda-informazioni-e-guida-di-viaggio.jpg?resize=576%2C1024\" alt=\"\" class=\"wp-image-7193\" title=\"\" srcset=\"https:\/\/i0.wp.com\/dovevado.net\/wp-content\/uploads\/2018\/11\/Islanda-informazioni-e-guida-di-viaggio.jpg?resize=576%2C1024&amp;ssl=1 576w, https:\/\/i0.wp.com\/dovevado.net\/wp-content\/uploads\/2018\/11\/Islanda-informazioni-e-guida-di-viaggio.jpg?resize=169%2C300&amp;ssl=1 169w, https:\/\/i0.wp.com\/dovevado.net\/wp-content\/uploads\/2018\/11\/Islanda-informazioni-e-guida-di-viaggio.jpg?resize=768%2C1365&amp;ssl=1 768w, https:\/\/i0.wp.com\/dovevado.net\/wp-content\/uploads\/2018\/11\/Islanda-informazioni-e-guida-di-viaggio.jpg?resize=200%2C356&amp;ssl=1 200w, https:\/\/i0.wp.com\/dovevado.net\/wp-content\/uploads\/2018\/11\/Islanda-informazioni-e-guida-di-viaggio.jpg?resize=400%2C711&amp;ssl=1 400w, https:\/\/i0.wp.com\/dovevado.net\/wp-content\/uploads\/2018\/11\/Islanda-informazioni-e-guida-di-viaggio.jpg?resize=600%2C1067&amp;ssl=1 600w, https:\/\/i0.wp.com\/dovevado.net\/wp-content\/uploads\/2018\/11\/Islanda-informazioni-e-guida-di-viaggio.jpg?resize=800%2C1422&amp;ssl=1 800w, https:\/\/i0.wp.com\/dovevado.net\/wp-content\/uploads\/2018\/11\/Islanda-informazioni-e-guida-di-viaggio.jpg?w=1080&amp;ssl=1 1080w\" sizes=\"(max-width: 576px) 100vw, 576px\" \/><\/figure><\/div>\n","protected":false},"excerpt":{"rendered":"<p>Dopo aver studiato molto per il viaggio in Islanda, ho raccolto una serie di suggerimenti di Nicola Fiorentini che ha fatto il suo tour nel mese di Agosto per permettervi di replicarlo se volete o prendere spunti per crearne un vostro senza sorprese. Viaggio in Islanda L&#8217;Islanda&nbsp;\u00e8 diventata in questi ultimi anni una delle mete [&hellip;]<\/p>\n","protected":false},"author":2,"featured_media":12733,"comment_status":"open","ping_status":"open","sticky":false,"template":"","format":"standard","meta":{"_acf_changed":false,"_jetpack_memberships_contains_paid_content":false,"footnotes":"","jetpack_publicize_message":"","jetpack_publicize_feature_enabled":true,"jetpack_social_post_already_shared":false,"jetpack_social_options":{"image_generator_settings":{"template":"highway","default_image_id":0,"font":"","enabled":false},"version":2}},"categories":[714],"tags":[],"class_list":["post-14689","post","type-post","status-publish","format-standard","has-post-thumbnail","hentry","category-iceland"],"acf":[],"jetpack_publicize_connections":[],"jetpack_featured_media_url":"https:\/\/i0.wp.com\/dovevado.net\/wp-content\/uploads\/2018\/11\/Islanda-blu-lagoon-aurora.jpg?fit=1800%2C1306&ssl=1","jetpack_sharing_enabled":true,"_links":{"self":[{"href":"https:\/\/dovevado.net\/en\/wp-json\/wp\/v2\/posts\/14689","targetHints":{"allow":["GET"]}}],"collection":[{"href":"https:\/\/dovevado.net\/en\/wp-json\/wp\/v2\/posts"}],"about":[{"href":"https:\/\/dovevado.net\/en\/wp-json\/wp\/v2\/types\/post"}],"author":[{"embeddable":true,"href":"https:\/\/dovevado.net\/en\/wp-json\/wp\/v2\/users\/2"}],"replies":[{"embeddable":true,"href":"https:\/\/dovevado.net\/en\/wp-json\/wp\/v2\/comments?post=14689"}],"version-history":[{"count":0,"href":"https:\/\/dovevado.net\/en\/wp-json\/wp\/v2\/posts\/14689\/revisions"}],"wp:featuredmedia":[{"embeddable":true,"href":"https:\/\/dovevado.net\/en\/wp-json\/wp\/v2\/media\/12733"}],"wp:attachment":[{"href":"https:\/\/dovevado.net\/en\/wp-json\/wp\/v2\/media?parent=14689"}],"wp:term":[{"taxonomy":"category","embeddable":true,"href":"https:\/\/dovevado.net\/en\/wp-json\/wp\/v2\/categories?post=14689"},{"taxonomy":"post_tag","embeddable":true,"href":"https:\/\/dovevado.net\/en\/wp-json\/wp\/v2\/tags?post=14689"}],"curies":[{"name":"wp","href":"https:\/\/api.w.org\/{rel}","templated":true}]}}